{"id":3903,"date":"2025-10-13T11:00:16","date_gmt":"2025-10-13T10:00:16","guid":{"rendered":"http:\/\/svetaobitelj.hr\/?p=3903"},"modified":"2025-10-13T11:00:16","modified_gmt":"2025-10-13T10:00:16","slug":"sveti-franjo-5","status":"publish","type":"post","link":"https:\/\/svetaobitelj.hr\/?p=3903","title":{"rendered":"Sveti Franjo"},"content":{"rendered":"\n<figure class=\"wp-block-image size-large\"><img loading=\"lazy\" decoding=\"async\" width=\"1024\" height=\"1024\" src=\"http:\/\/svetaobitelj.hr\/wp-content\/uploads\/2025\/10\/slika5-1-1024x1024.jpg\" alt=\"\" class=\"wp-image-3908\" srcset=\"https:\/\/svetaobitelj.hr\/wp-content\/uploads\/2025\/10\/slika5-1-1024x1024.jpg 1024w, https:\/\/svetaobitelj.hr\/wp-content\/uploads\/2025\/10\/slika5-1-300x300.jpg 300w, https:\/\/svetaobitelj.hr\/wp-content\/uploads\/2025\/10\/slika5-1-150x150.jpg 150w, https:\/\/svetaobitelj.hr\/wp-content\/uploads\/2025\/10\/slika5-1-768x768.jpg 768w, https:\/\/svetaobitelj.hr\/wp-content\/uploads\/2025\/10\/slika5-1-1536x1536.jpg 1536w, https:\/\/svetaobitelj.hr\/wp-content\/uploads\/2025\/10\/slika5-1.jpg 2048w\" sizes=\"auto, (max-width: 1024px) 100vw, 1024px\" \/><\/figure>\n\n\n\n<p>Svetkovini svetog Franje Asi\u0161koga, utemeljitelja franjeva\u010dkih redova prethodila je trodnevnica koja je zapo\u010dela u srijedu molitvom franjeva\u010dke krunice.<\/p>\n\n\n\n<figure class=\"wp-block-image size-large\"><img loading=\"lazy\" decoding=\"async\" width=\"1024\" height=\"1024\" src=\"http:\/\/svetaobitelj.hr\/wp-content\/uploads\/2025\/10\/slika1-1-1024x1024.jpg\" alt=\"\" class=\"wp-image-3909\" srcset=\"https:\/\/svetaobitelj.hr\/wp-content\/uploads\/2025\/10\/slika1-1-1024x1024.jpg 1024w, https:\/\/svetaobitelj.hr\/wp-content\/uploads\/2025\/10\/slika1-1-300x300.jpg 300w, https:\/\/svetaobitelj.hr\/wp-content\/uploads\/2025\/10\/slika1-1-150x150.jpg 150w, https:\/\/svetaobitelj.hr\/wp-content\/uploads\/2025\/10\/slika1-1-768x768.jpg 768w, https:\/\/svetaobitelj.hr\/wp-content\/uploads\/2025\/10\/slika1-1-1536x1536.jpg 1536w, https:\/\/svetaobitelj.hr\/wp-content\/uploads\/2025\/10\/slika1-1.jpg 2048w\" sizes=\"auto, (max-width: 1024px) 100vw, 1024px\" \/><\/figure>\n\n\n\n<figure class=\"wp-block-image size-large\"><img loading=\"lazy\" decoding=\"async\" width=\"1024\" height=\"1024\" src=\"http:\/\/svetaobitelj.hr\/wp-content\/uploads\/2025\/10\/slika2-1024x1024.jpg\" alt=\"\" class=\"wp-image-3905\" srcset=\"https:\/\/svetaobitelj.hr\/wp-content\/uploads\/2025\/10\/slika2-1024x1024.jpg 1024w, https:\/\/svetaobitelj.hr\/wp-content\/uploads\/2025\/10\/slika2-300x300.jpg 300w, https:\/\/svetaobitelj.hr\/wp-content\/uploads\/2025\/10\/slika2-150x150.jpg 150w, https:\/\/svetaobitelj.hr\/wp-content\/uploads\/2025\/10\/slika2-768x768.jpg 768w, https:\/\/svetaobitelj.hr\/wp-content\/uploads\/2025\/10\/slika2-1536x1536.jpg 1536w, https:\/\/svetaobitelj.hr\/wp-content\/uploads\/2025\/10\/slika2.jpg 2048w\" sizes=\"auto, (max-width: 1024px) 100vw, 1024px\" \/><\/figure>\n\n\n\n<p>Uo\u010di samog dana svetkovine ispred kipa svetog Franje proslavljen je Obred preminu\u0107a sv. Franje Asi\u0161koga te je uslijedila sveta misa.<\/p>\n\n\n\n<p>U subotu na samu svetkovinu nakon svete mise bra\u0107a i sestre iz mjesnog bratstva pozvali su sve \u017eupljane na zajedni\u010dku okrijepu i dru\u017eenja. <\/p>\n\n\n\n<figure class=\"wp-block-image size-large\"><img loading=\"lazy\" decoding=\"async\" width=\"1024\" height=\"1024\" src=\"http:\/\/svetaobitelj.hr\/wp-content\/uploads\/2025\/10\/slika3-1024x1024.jpg\" alt=\"\" class=\"wp-image-3906\" srcset=\"https:\/\/svetaobitelj.hr\/wp-content\/uploads\/2025\/10\/slika3-1024x1024.jpg 1024w, https:\/\/svetaobitelj.hr\/wp-content\/uploads\/2025\/10\/slika3-300x300.jpg 300w, https:\/\/svetaobitelj.hr\/wp-content\/uploads\/2025\/10\/slika3-150x150.jpg 150w, https:\/\/svetaobitelj.hr\/wp-content\/uploads\/2025\/10\/slika3-768x768.jpg 768w, https:\/\/svetaobitelj.hr\/wp-content\/uploads\/2025\/10\/slika3-1536x1536.jpg 1536w, https:\/\/svetaobitelj.hr\/wp-content\/uploads\/2025\/10\/slika3.jpg 2048w\" sizes=\"auto, (max-width: 1024px) 100vw, 1024px\" \/><\/figure>\n\n\n\n<p>Neka zagovor svetog Franje prati sve na\u0161e \u017eupljane da ustraju \u017eivjeti po njegovom primjeru.<\/p>\n","protected":false},"excerpt":{"rendered":"<p>Svetkovini svetog Franje Asi\u0161koga, utemeljitelja franjeva\u010dkih redova prethodila je trodnevnica koja je zapo\u010dela u srijedu molitvom franjeva\u010dke krunice. Uo\u010di samog dana svetkovine ispred kipa svetog Franje proslavljen je Obred preminu\u0107a sv. Franje Asi\u0161koga te je uslijedila sveta misa. U subotu na samu svetkovinu nakon svete mise bra\u0107a i sestre iz mjesnog bratstva pozvali su sve <a href=\"https:\/\/svetaobitelj.hr\/?p=3903\" class=\"more-link\">[&hellip;]<\/a><\/p>\n","protected":false},"author":3,"featured_media":0,"comment_status":"closed","ping_status":"open","sticky":false,"template":"","format":"standard","meta":{"footnotes":""},"categories":[3],"tags":[],"class_list":["entry","author-klik","post-3903","post","type-post","status-publish","format-standard","category-zupa"],"_links":{"self":[{"href":"https:\/\/svetaobitelj.hr\/index.php?rest_route=\/wp\/v2\/posts\/3903","targetHints":{"allow":["GET"]}}],"collection":[{"href":"https:\/\/svetaobitelj.hr\/index.php?rest_route=\/wp\/v2\/posts"}],"about":[{"href":"https:\/\/svetaobitelj.hr\/index.php?rest_route=\/wp\/v2\/types\/post"}],"author":[{"embeddable":true,"href":"https:\/\/svetaobitelj.hr\/index.php?rest_route=\/wp\/v2\/users\/3"}],"replies":[{"embeddable":true,"href":"https:\/\/svetaobitelj.hr\/index.php?rest_route=%2Fwp%2Fv2%2Fcomments&post=3903"}],"version-history":[{"count":1,"href":"https:\/\/svetaobitelj.hr\/index.php?rest_route=\/wp\/v2\/posts\/3903\/revisions"}],"predecessor-version":[{"id":3910,"href":"https:\/\/svetaobitelj.hr\/index.php?rest_route=\/wp\/v2\/posts\/3903\/revisions\/3910"}],"wp:attachment":[{"href":"https:\/\/svetaobitelj.hr\/index.php?rest_route=%2Fwp%2Fv2%2Fmedia&parent=3903"}],"wp:term":[{"taxonomy":"category","embeddable":true,"href":"https:\/\/svetaobitelj.hr\/index.php?rest_route=%2Fwp%2Fv2%2Fcategories&post=3903"},{"taxonomy":"post_tag","embeddable":true,"href":"https:\/\/svetaobitelj.hr\/index.php?rest_route=%2Fwp%2Fv2%2Ftags&post=3903"}],"curies":[{"name":"wp","href":"https:\/\/api.w.org\/{rel}","templated":true}]}}