{"id":3886,"date":"2025-09-28T16:52:11","date_gmt":"2025-09-28T15:52:11","guid":{"rendered":"http:\/\/svetaobitelj.hr\/?p=3886"},"modified":"2025-09-28T19:45:26","modified_gmt":"2025-09-28T18:45:26","slug":"raspored-zupnih-katehezazupa-svete-obitelji-osijekvrijedi-od-5-listopada-2025","status":"publish","type":"post","link":"https:\/\/svetaobitelj.hr\/?p=3886","title":{"rendered":"RASPORED \u017dUPNIH KATEHEZA \u017dUPA SVETE OBITELJI, OSIJEK(vrijedi od 5. listopada 2025.)"},"content":{"rendered":"\n<p>1.  <strong>RAZREDI OSNOVNIH \u0160KOLA<\/strong> \u2013 druga i \u010detvrta subota u mjesecu u 10:00 sati<\/p>\n\n\n\n<p>2.  <strong>RAZREDI OSNOVNIH \u0160KOLA:<\/strong><br><em>O\u0160 \u201eTIN UJEVI\u0106\u201c <\/em>\u2013 ponedjeljak u 16:00 sati<br><em>O\u0160 \u201eGRIGOR VITEZ\u201c<\/em> \u2013 utorak u 16:00 sati<\/p>\n\n\n\n<p>8.   <strong>RAZREDI OSNOVNIH \u0160KOLA<\/strong>: prva i tre\u0107a nedjelja u mjesecu nakon ve\u010dernje svete mise<\/p>\n\n\n\n<p>1.  <strong>RAZREDI SREDNJH \u0160KOLA<\/strong>: druga i \u010detvrta nedjelja u mjesecu nakon ve\u010dernje svete mise<\/p>\n\n\n\n<p>2.  <strong>RAZREDI SREDNJIH \u0160KOLA<\/strong>: \u010detvrtak u 19:30 sati<\/p>\n","protected":false},"excerpt":{"rendered":"<p>1. RAZREDI OSNOVNIH \u0160KOLA \u2013 druga i \u010detvrta subota u mjesecu u 10:00 sati 2. RAZREDI OSNOVNIH \u0160KOLA:O\u0160 \u201eTIN UJEVI\u0106\u201c \u2013 ponedjeljak u 16:00 satiO\u0160 \u201eGRIGOR VITEZ\u201c \u2013 utorak u 16:00 sati 8. RAZREDI OSNOVNIH \u0160KOLA: prva i tre\u0107a nedjelja u mjesecu nakon ve\u010dernje svete mise 1. RAZREDI SREDNJH \u0160KOLA: druga i \u010detvrta nedjelja u <a href=\"https:\/\/svetaobitelj.hr\/?p=3886\" class=\"more-link\">[&hellip;]<\/a><\/p>\n","protected":false},"author":3,"featured_media":0,"comment_status":"closed","ping_status":"open","sticky":false,"template":"","format":"standard","meta":{"footnotes":""},"categories":[3],"tags":[],"class_list":["entry","author-klik","post-3886","post","type-post","status-publish","format-standard","category-zupa"],"_links":{"self":[{"href":"https:\/\/svetaobitelj.hr\/index.php?rest_route=\/wp\/v2\/posts\/3886","targetHints":{"allow":["GET"]}}],"collection":[{"href":"https:\/\/svetaobitelj.hr\/index.php?rest_route=\/wp\/v2\/posts"}],"about":[{"href":"https:\/\/svetaobitelj.hr\/index.php?rest_route=\/wp\/v2\/types\/post"}],"author":[{"embeddable":true,"href":"https:\/\/svetaobitelj.hr\/index.php?rest_route=\/wp\/v2\/users\/3"}],"replies":[{"embeddable":true,"href":"https:\/\/svetaobitelj.hr\/index.php?rest_route=%2Fwp%2Fv2%2Fcomments&post=3886"}],"version-history":[{"count":3,"href":"https:\/\/svetaobitelj.hr\/index.php?rest_route=\/wp\/v2\/posts\/3886\/revisions"}],"predecessor-version":[{"id":3890,"href":"https:\/\/svetaobitelj.hr\/index.php?rest_route=\/wp\/v2\/posts\/3886\/revisions\/3890"}],"wp:attachment":[{"href":"https:\/\/svetaobitelj.hr\/index.php?rest_route=%2Fwp%2Fv2%2Fmedia&parent=3886"}],"wp:term":[{"taxonomy":"category","embeddable":true,"href":"https:\/\/svetaobitelj.hr\/index.php?rest_route=%2Fwp%2Fv2%2Fcategories&post=3886"},{"taxonomy":"post_tag","embeddable":true,"href":"https:\/\/svetaobitelj.hr\/index.php?rest_route=%2Fwp%2Fv2%2Ftags&post=3886"}],"curies":[{"name":"wp","href":"https:\/\/api.w.org\/{rel}","templated":true}]}}