{"id":3884,"date":"2025-09-28T16:46:49","date_gmt":"2025-09-28T15:46:49","guid":{"rendered":"http:\/\/svetaobitelj.hr\/?p=3884"},"modified":"2025-09-28T16:46:51","modified_gmt":"2025-09-28T15:46:51","slug":"zupne-obavijesti-26-nedjelja-kroz-godinu-8","status":"publish","type":"post","link":"https:\/\/svetaobitelj.hr\/?p=3884","title":{"rendered":"\u017dupne obavijesti: 26. nedjelja kroz godinu"},"content":{"rendered":"\n<p>Slavimo dvadeset i \u0161estu nedjelju kroz godinu. Protekli tjedan bio je upis na \u017eupne kateheze. Prijavljeno je: prvi razredi osnovnih \u0161kola 53-oje; drugi razredi osnovnih \u0161kola 64-ero; tre\u0107i razredi osnovnih \u0161kola 53-oje; osmi razredi osnovnih \u0161kola 55-ero; prvi razredi srednjih \u0161kola 44-ero; drugi razredi srednjih \u0161kola 48-ero. Na oglasnoj plo\u010di imate raspored \u017eupnih kateheza u na\u0161oj \u017dupi.<\/p>\n\n\n\n<p><em>U srijedu i \u010detvrtak <\/em>pohodit \u0107e na\u0161u franjeva\u010dku zajednicu u samostanu u Tvr\u0111i i u na\u0161oj \u017eupi fra Toma\u017e Ho\u010devar, generalni vizitator za Hrvatsku franjeva\u010dku provinciju sv. \u0106irila i Metoda i za Kustodiju sv. Jeronima. Predslavit \u0107e svete mise: u Tvr\u0111i u srijedu u 18:00 sati i u na\u0161oj \u017eupi u \u010detvrtak u 7:30 sati.<\/p>\n\n\n\n<p><em>Sutra <\/em>slavimo svete arkan\u0111ele Mihaela, Gabrijela i Rafaela. <em>U utorak<\/em> \u0107e \u017eupni ured biti otvoren samo od 17:00 do 18:00 sati. <em>U srijedu <\/em>zapo\u010dinju listopadske pobo\u017enosti, a ve\u010dernjom svetom misom zapo\u010dinje trodnevnica na \u010dast sv. Franji Asi\u0161kome. <em>U \u010detvrtak<\/em> je nakon ve\u010dernje svete mise klanjanje pred Presvetim. <em>U petak <\/em>je u 18:30 sati Obred preminu\u0107a sv. Franje ispred kipa sv. Franje, nakon \u010dega nastavljamo s ve\u010dernjom svetom misom u crkvi. <em>U subotu<\/em> slavimo blagdan sv. Franje Asi\u0161koga, utemeljitelja triju franjeva\u010dkih redova. Ujedno je prva subota u mjesecu kada pod ve\u010dernjom svetom misom molimo za nova duhovna zvanja.<\/p>\n\n\n\n<p>Sljede\u0107e nedjelje slavimo dvadeset i sedmu nedjelju kroz godinu. Prva je nedjelja u mjesecu kada se svojim molitvama i nov\u010danim prilozima sje\u0107amo na\u0161ih odgojnih ustanova, sjemeni\u0161ta te molimo za duhovna zvanja. Pod jutarnjom svetom misom molit \u0107emo za dobro\u010dinitelje ove na\u0161e crkve i samostana.<\/p>\n\n\n\n<p>Zahvalni za va\u0161u pomo\u0107 kojom poma\u017eete obnovu na\u0161ih crkava i samostana nastradalih u potresima, preporu\u010damo se i nadalje va\u0161oj dobroti.<\/p>\n\n\n\n<p>Ovogodi\u0161nji katekumenat punoljetnih osoba za primanje sakramenata kr\u0161\u0107anske inicijacije zapo\u010det \u0107e 14. listopada u 19:15 sati u Nadbiskupijskom vikarijatu u Osijeku, Strossmayerova 58. Susreti \u0107e se odr\u017eavati redovito utorkom u 19:15 sati. Nije se potrebno unaprijed prijavljivati, nego je dovoljno do\u0107i na prvi susret kada \u0107e biti i upis.<\/p>\n\n\n\n<p>U tijeku je nacionalni projekt hrvatskoga Caritasa <em>Spasi kunu od propasti, daruj je za 1000 radosti<\/em>. Kovanice mo\u017eete donijeti u \u017eupni ured kao i u po\u0161tanskim uredima koje \u0107emo tada proslijediti preko nadbiskupijskog Caritasa u nacionalni.<\/p>\n\n\n\n<p>Molim sve vas koji jo\u0161 nemate \u017eupnu obiteljsku knji\u017eicu ili je potrebno upisati promjene u postoje\u0107e, da se javite u \u017eupni ured.<\/p>\n\n\n\n<p>Kupujte i \u010ditajte katoli\u010dki vjerski tisak.<\/p>\n","protected":false},"excerpt":{"rendered":"<p>Slavimo dvadeset i \u0161estu nedjelju kroz godinu. Protekli tjedan bio je upis na \u017eupne kateheze. Prijavljeno je: prvi razredi osnovnih \u0161kola 53-oje; drugi razredi osnovnih \u0161kola 64-ero; tre\u0107i razredi osnovnih \u0161kola 53-oje; osmi razredi osnovnih \u0161kola 55-ero; prvi razredi srednjih \u0161kola 44-ero; drugi razredi srednjih \u0161kola 48-ero. Na oglasnoj plo\u010di imate raspored \u017eupnih kateheza u <a href=\"https:\/\/svetaobitelj.hr\/?p=3884\" class=\"more-link\">[&hellip;]<\/a><\/p>\n","protected":false},"author":3,"featured_media":0,"comment_status":"closed","ping_status":"open","sticky":false,"template":"","format":"standard","meta":{"footnotes":""},"categories":[3],"tags":[],"class_list":["entry","author-klik","post-3884","post","type-post","status-publish","format-standard","category-zupa"],"_links":{"self":[{"href":"https:\/\/svetaobitelj.hr\/index.php?rest_route=\/wp\/v2\/posts\/3884","targetHints":{"allow":["GET"]}}],"collection":[{"href":"https:\/\/svetaobitelj.hr\/index.php?rest_route=\/wp\/v2\/posts"}],"about":[{"href":"https:\/\/svetaobitelj.hr\/index.php?rest_route=\/wp\/v2\/types\/post"}],"author":[{"embeddable":true,"href":"https:\/\/svetaobitelj.hr\/index.php?rest_route=\/wp\/v2\/users\/3"}],"replies":[{"embeddable":true,"href":"https:\/\/svetaobitelj.hr\/index.php?rest_route=%2Fwp%2Fv2%2Fcomments&post=3884"}],"version-history":[{"count":1,"href":"https:\/\/svetaobitelj.hr\/index.php?rest_route=\/wp\/v2\/posts\/3884\/revisions"}],"predecessor-version":[{"id":3885,"href":"https:\/\/svetaobitelj.hr\/index.php?rest_route=\/wp\/v2\/posts\/3884\/revisions\/3885"}],"wp:attachment":[{"href":"https:\/\/svetaobitelj.hr\/index.php?rest_route=%2Fwp%2Fv2%2Fmedia&parent=3884"}],"wp:term":[{"taxonomy":"category","embeddable":true,"href":"https:\/\/svetaobitelj.hr\/index.php?rest_route=%2Fwp%2Fv2%2Fcategories&post=3884"},{"taxonomy":"post_tag","embeddable":true,"href":"https:\/\/svetaobitelj.hr\/index.php?rest_route=%2Fwp%2Fv2%2Ftags&post=3884"}],"curies":[{"name":"wp","href":"https:\/\/api.w.org\/{rel}","templated":true}]}}