{"id":3861,"date":"2025-09-03T07:48:21","date_gmt":"2025-09-03T06:48:21","guid":{"rendered":"https:\/\/svetaobitelj.hr\/?p=3861"},"modified":"2025-09-03T16:44:25","modified_gmt":"2025-09-03T15:44:25","slug":"kukujevci","status":"publish","type":"post","link":"https:\/\/svetaobitelj.hr\/?p=3861","title":{"rendered":"Susret zavi\u010dajne udruge Kukujevci"},"content":{"rendered":"\n<figure class=\"wp-block-image size-large\"><img loading=\"lazy\" decoding=\"async\" width=\"1024\" height=\"768\" src=\"https:\/\/svetaobitelj.hr\/wp-content\/uploads\/2025\/09\/slika5-1024x768.jpg\" alt=\"\" class=\"wp-image-3862\" srcset=\"https:\/\/svetaobitelj.hr\/wp-content\/uploads\/2025\/09\/slika5-1024x768.jpg 1024w, https:\/\/svetaobitelj.hr\/wp-content\/uploads\/2025\/09\/slika5-300x225.jpg 300w, https:\/\/svetaobitelj.hr\/wp-content\/uploads\/2025\/09\/slika5-768x576.jpg 768w, https:\/\/svetaobitelj.hr\/wp-content\/uploads\/2025\/09\/slika5-1536x1152.jpg 1536w, https:\/\/svetaobitelj.hr\/wp-content\/uploads\/2025\/09\/slika5.jpg 1600w\" sizes=\"auto, (max-width: 1024px) 100vw, 1024px\" \/><\/figure>\n\n\n\n<p>Zavi\u010dajna udruga Kukujevci je osnovana 1998. godine sa ciljem o\u010duvanja i njegovanja kulturnih, tradicijskih vrijednosti i obi\u010daja iz malog Srijemskog mjesta Kukujevci. O\u010duvanja narodnih no\u0161nji i folklora iz staroga zavi\u010daja, odr\u017eavanja susreta i veza sa raseljenim mje\u0161tanima i onima koji su ostali u<br>Kukujevcima. To je udruga protjeranih Hrvata iz srijemskog sela Kukujevci u kojem je do 1991.g.<br>\u017eivjelo oko 2000 stanovnika ( 97% Hrvata). Tijekom Domovinskog rata u RH selo je bilo izlo\u017eeno<br>velikim pritiscima. Iseljeno je 99% stanovnika, koji su raseljeni u preko 90 mjesta RH i inozemstvu.<br>Svake druge godine ZU Kukujevci organizira okupljanje raseljenih , onih koji su ostali i prijatelji. Ove<br>godine je susret bio u Osijeku, u restoranu Corner 30. 08. 2025. godine sa tradicijskim programom.<br>U Budimcima je bilo polaganje vijenaca i molitva za na\u0161e poginule heroje Vukovara Stjepan Gaj\u010devi\u0107 ,<br>Petar \u017divanovi\u0107, Nikola Matijevi\u0107, kao i molitva za ubijene nevine \u017ertve Kukujevaca Jozu i Anu<br>Matijevi\u0107, i njihovog maloljetnog sina Franju, te za obitelj Oskomi\u0107. Nakon toga uslijedila je tradicijska misa koja je odslu\u017eena u crkvi Svete Obitelji na osje\u010dkom Jugu 2, a koju je predslavio \u017eupnik fra Dragutin Bedeni\u010di\u0107. Neizostavna nogometna utakmica izme\u0111u veterana NK Fru\u0161kogorac protiv seniora odr\u017eana je<br>nogometnom igrali\u0161tu na Metalcu na Jugu 2. Na kraju ve\u010deri odr\u017ean je kulturno zabavni program uz tambura\u0161e Hrvatski Sokol, te tradicijsku molitvu koju je predmolio vele\u010dasni Nikica Bo\u0161njakovi\u0107 prije ve\u010dere te dru\u017eenje i pre\u0161anje do kasnih ve\u010dernjih sati.<br>Tatjana Rigo<\/p>\n\n\n<div class=\"wp-block-image\">\n<figure class=\"aligncenter size-large\"><img loading=\"lazy\" decoding=\"async\" width=\"1024\" height=\"576\" src=\"https:\/\/svetaobitelj.hr\/wp-content\/uploads\/2025\/09\/Susret-zavicajne-udruge-Kukujevci-01-1024x576.jpg\" alt=\"\" class=\"wp-image-3863\" srcset=\"https:\/\/svetaobitelj.hr\/wp-content\/uploads\/2025\/09\/Susret-zavicajne-udruge-Kukujevci-01-1024x576.jpg 1024w, https:\/\/svetaobitelj.hr\/wp-content\/uploads\/2025\/09\/Susret-zavicajne-udruge-Kukujevci-01-300x169.jpg 300w, https:\/\/svetaobitelj.hr\/wp-content\/uploads\/2025\/09\/Susret-zavicajne-udruge-Kukujevci-01-768x432.jpg 768w, https:\/\/svetaobitelj.hr\/wp-content\/uploads\/2025\/09\/Susret-zavicajne-udruge-Kukujevci-01-1536x864.jpg 1536w, https:\/\/svetaobitelj.hr\/wp-content\/uploads\/2025\/09\/Susret-zavicajne-udruge-Kukujevci-01.jpg 1600w\" sizes=\"auto, (max-width: 1024px) 100vw, 1024px\" \/><\/figure><\/div>","protected":false},"excerpt":{"rendered":"<p>Zavi\u010dajna udruga Kukujevci je osnovana 1998. godine sa ciljem o\u010duvanja i njegovanja kulturnih, tradicijskih vrijednosti i obi\u010daja iz malog Srijemskog mjesta Kukujevci. O\u010duvanja narodnih no\u0161nji i folklora iz staroga zavi\u010daja, odr\u017eavanja susreta i veza sa raseljenim mje\u0161tanima i onima koji su ostali uKukujevcima. To je udruga protjeranih Hrvata iz srijemskog sela Kukujevci u kojem je <a href=\"https:\/\/svetaobitelj.hr\/?p=3861\" class=\"more-link\">[&hellip;]<\/a><\/p>\n","protected":false},"author":2,"featured_media":0,"comment_status":"closed","ping_status":"open","sticky":false,"template":"","format":"standard","meta":{"footnotes":""},"categories":[3],"tags":[],"class_list":["entry","author-","post-3861","post","type-post","status-publish","format-standard","category-zupa"],"_links":{"self":[{"href":"https:\/\/svetaobitelj.hr\/index.php?rest_route=\/wp\/v2\/posts\/3861","targetHints":{"allow":["GET"]}}],"collection":[{"href":"https:\/\/svetaobitelj.hr\/index.php?rest_route=\/wp\/v2\/posts"}],"about":[{"href":"https:\/\/svetaobitelj.hr\/index.php?rest_route=\/wp\/v2\/types\/post"}],"author":[{"embeddable":true,"href":"https:\/\/svetaobitelj.hr\/index.php?rest_route=\/wp\/v2\/users\/2"}],"replies":[{"embeddable":true,"href":"https:\/\/svetaobitelj.hr\/index.php?rest_route=%2Fwp%2Fv2%2Fcomments&post=3861"}],"version-history":[{"count":2,"href":"https:\/\/svetaobitelj.hr\/index.php?rest_route=\/wp\/v2\/posts\/3861\/revisions"}],"predecessor-version":[{"id":3866,"href":"https:\/\/svetaobitelj.hr\/index.php?rest_route=\/wp\/v2\/posts\/3861\/revisions\/3866"}],"wp:attachment":[{"href":"https:\/\/svetaobitelj.hr\/index.php?rest_route=%2Fwp%2Fv2%2Fmedia&parent=3861"}],"wp:term":[{"taxonomy":"category","embeddable":true,"href":"https:\/\/svetaobitelj.hr\/index.php?rest_route=%2Fwp%2Fv2%2Fcategories&post=3861"},{"taxonomy":"post_tag","embeddable":true,"href":"https:\/\/svetaobitelj.hr\/index.php?rest_route=%2Fwp%2Fv2%2Ftags&post=3861"}],"curies":[{"name":"wp","href":"https:\/\/api.w.org\/{rel}","templated":true}]}}