{"id":3840,"date":"2025-08-28T13:38:33","date_gmt":"2025-08-28T12:38:33","guid":{"rendered":"https:\/\/svetaobitelj.hr\/?p=3840"},"modified":"2025-08-28T13:38:34","modified_gmt":"2025-08-28T12:38:34","slug":"zupne-obavijesti-22-nedjelja-kroz-godinu-8","status":"publish","type":"post","link":"https:\/\/svetaobitelj.hr\/?p=3840","title":{"rendered":"\u017dupne obavijesti: 22. nedjelja kroz godinu"},"content":{"rendered":"\n<p>Slavimo dvadeset i drugu nedjelju kroz godinu.<\/p>\n\n\n\n<p>Ovaj tjedan \u017eupni ured je otvoren od utorka do petka od 17:00 do 18:00 sati. Prije podne ne\u0107u uredovati.<\/p>\n\n\n\n<p>U srijedu slavimo sv. Grgura Velikog, papu.<\/p>\n\n\n\n<p>U \u010detvrtak je klanjanje pred Presvetim nakon ve\u010dernje svete mise.<\/p>\n\n\n\n<p>U subotu pod ve\u010dernjom svetom misom molimo za duhovna zvanja budu\u0107i da je prva subota u mjesecu.<\/p>\n\n\n\n<p>Sljede\u0107e nedjelje slavimo dvadeset i tre\u0107u nedjelju kroz godinu. Ujedno je prva nedjelja u mjesecu kada se svojim molitvama i nov\u010danim prilozima sje\u0107amo na\u0161ih sjemeni\u0161ta te molimo za duhovna zvanja. Pod  jutarnjom svetom misom molit \u0107emo za dobro\u010dinitelje ove na\u0161e crkve i samostana.<\/p>\n\n\n\n<p>Zahvalni za va\u0161u pomo\u0107 kojom poma\u017eete obnovu na\u0161ih crkava i samostana nastradalih u potresima, preporu\u010damo se i nadalje va\u0161oj dobroti. Svoj nov\u010dani prilog mo\u017eete dati u posebno ozna\u010denu \u0161krabicu pri izlazu iz crkve ili u \u017eupni ured ili direktno uplatiti na ra\u010dun koji se nalazi na letku.<\/p>\n\n\n\n<p>Ovogodi\u0161nji katekumenat punoljetnih osoba za primanje sakramenata kr\u0161\u0107anske inicijacije zapo\u010det \u0107e 14. listopada u 19:15 sati u Nadbiskupijskom vikarijatu u Osijeku, Strossmayerova 58. Susreti \u0107e se odr\u017eavati redovito utorkom u 19:15 sati. Nije se potrebno unaprijed prijavljivati, nego je dovoljno do\u0107i na prvi susret kada \u0107e biti i upis.<\/p>\n\n\n\n<p>U tijeku je nacionalni projekt hrvatskoga Caritasa <em>Spasi kunu od propasti, daruj je za 1000 radosti.<\/em> Pozvani smo da darujemo neiskori\u0161tene kovanice kuna i lipa i na taj na\u010din pomognemo ovoj akciji za pomo\u0107  siroma\u0161nima na podru\u010dju Republike Hrvatske. Kovanice mo\u017eete donijeti u \u017eupni ured kao i u po\u0161tanskim uredima.<\/p>\n\n\n\n<p>Prijave za \u017eupne kateheze bit \u0107e od 22. do 24. rujna u \u017eupnom uredu od 8:30 \u2013 11:00 te od 16:00 \u2013 18:00 sati. \u017dupne kateheze su obvezne uz \u0161kolski vjeronauk i poha\u0111anje svetih misa kao priprava za primanje prve sv. ispovijedi, prve sv. pri\u010desti i sv. potvrde. Kateheze su obvezne za prve, druge, tre\u0107e i osme razrede osnovnih \u0161kola te prve i druge razrede srednjih \u0161kola. Kod prijave potrebno je donijeti \u017eupnu obiteljsku knji\u017eicu kao i potvrdu o poha\u0111anju \u0161kolskog vjeronauka.<\/p>\n\n\n\n<p>Molim sve vas koji jo\u0161 nemate \u017eupnu obiteljsku knji\u017eicu ili je potrebno upisati promjene u postoje\u0107e, da se javite u \u017eupni ured. Kupujte i \u010ditajte katoli\u010dki vjerski tisak.<\/p>\n","protected":false},"excerpt":{"rendered":"<p>Slavimo dvadeset i drugu nedjelju kroz godinu. Ovaj tjedan \u017eupni ured je otvoren od utorka do petka od 17:00 do 18:00 sati. Prije podne ne\u0107u uredovati. U srijedu slavimo sv. Grgura Velikog, papu. U \u010detvrtak je klanjanje pred Presvetim nakon ve\u010dernje svete mise. U subotu pod ve\u010dernjom svetom misom molimo za duhovna zvanja budu\u0107i da <a href=\"https:\/\/svetaobitelj.hr\/?p=3840\" class=\"more-link\">[&hellip;]<\/a><\/p>\n","protected":false},"author":2,"featured_media":0,"comment_status":"closed","ping_status":"open","sticky":false,"template":"","format":"standard","meta":{"footnotes":""},"categories":[3],"tags":[],"class_list":["entry","author-","post-3840","post","type-post","status-publish","format-standard","category-zupa"],"_links":{"self":[{"href":"https:\/\/svetaobitelj.hr\/index.php?rest_route=\/wp\/v2\/posts\/3840","targetHints":{"allow":["GET"]}}],"collection":[{"href":"https:\/\/svetaobitelj.hr\/index.php?rest_route=\/wp\/v2\/posts"}],"about":[{"href":"https:\/\/svetaobitelj.hr\/index.php?rest_route=\/wp\/v2\/types\/post"}],"author":[{"embeddable":true,"href":"https:\/\/svetaobitelj.hr\/index.php?rest_route=\/wp\/v2\/users\/2"}],"replies":[{"embeddable":true,"href":"https:\/\/svetaobitelj.hr\/index.php?rest_route=%2Fwp%2Fv2%2Fcomments&post=3840"}],"version-history":[{"count":1,"href":"https:\/\/svetaobitelj.hr\/index.php?rest_route=\/wp\/v2\/posts\/3840\/revisions"}],"predecessor-version":[{"id":3841,"href":"https:\/\/svetaobitelj.hr\/index.php?rest_route=\/wp\/v2\/posts\/3840\/revisions\/3841"}],"wp:attachment":[{"href":"https:\/\/svetaobitelj.hr\/index.php?rest_route=%2Fwp%2Fv2%2Fmedia&parent=3840"}],"wp:term":[{"taxonomy":"category","embeddable":true,"href":"https:\/\/svetaobitelj.hr\/index.php?rest_route=%2Fwp%2Fv2%2Fcategories&post=3840"},{"taxonomy":"post_tag","embeddable":true,"href":"https:\/\/svetaobitelj.hr\/index.php?rest_route=%2Fwp%2Fv2%2Ftags&post=3840"}],"curies":[{"name":"wp","href":"https:\/\/api.w.org\/{rel}","templated":true}]}}