{"id":3824,"date":"2025-08-19T09:38:55","date_gmt":"2025-08-19T08:38:55","guid":{"rendered":"http:\/\/svetaobitelj.hr\/?p=3824"},"modified":"2025-08-19T09:38:56","modified_gmt":"2025-08-19T08:38:56","slug":"prije-pocetka-skole-sjecamo-se-naseg-ministrantskog-ljetovanja","status":"publish","type":"post","link":"https:\/\/svetaobitelj.hr\/?p=3824","title":{"rendered":"Prije po\u010detka \u0161kole sje\u0107amo se na\u0161eg ministrantskog ljetovanja&#8230;"},"content":{"rendered":"\n<figure class=\"wp-block-image size-large\"><img loading=\"lazy\" decoding=\"async\" width=\"1024\" height=\"1024\" src=\"http:\/\/svetaobitelj.hr\/wp-content\/uploads\/2025\/08\/slika1-1024x1024.jpg\" alt=\"\" class=\"wp-image-3825\" srcset=\"https:\/\/svetaobitelj.hr\/wp-content\/uploads\/2025\/08\/slika1-1024x1024.jpg 1024w, https:\/\/svetaobitelj.hr\/wp-content\/uploads\/2025\/08\/slika1-300x300.jpg 300w, https:\/\/svetaobitelj.hr\/wp-content\/uploads\/2025\/08\/slika1-150x150.jpg 150w, https:\/\/svetaobitelj.hr\/wp-content\/uploads\/2025\/08\/slika1-768x768.jpg 768w, https:\/\/svetaobitelj.hr\/wp-content\/uploads\/2025\/08\/slika1-1536x1536.jpg 1536w, https:\/\/svetaobitelj.hr\/wp-content\/uploads\/2025\/08\/slika1.jpg 2048w\" sizes=\"auto, (max-width: 1024px) 100vw, 1024px\" \/><\/figure>\n\n\n\n<figure class=\"wp-block-image size-large\"><img loading=\"lazy\" decoding=\"async\" width=\"1024\" height=\"1024\" src=\"http:\/\/svetaobitelj.hr\/wp-content\/uploads\/2025\/08\/slika2-1024x1024.jpg\" alt=\"\" class=\"wp-image-3826\" srcset=\"https:\/\/svetaobitelj.hr\/wp-content\/uploads\/2025\/08\/slika2-1024x1024.jpg 1024w, https:\/\/svetaobitelj.hr\/wp-content\/uploads\/2025\/08\/slika2-300x300.jpg 300w, https:\/\/svetaobitelj.hr\/wp-content\/uploads\/2025\/08\/slika2-150x150.jpg 150w, https:\/\/svetaobitelj.hr\/wp-content\/uploads\/2025\/08\/slika2-768x768.jpg 768w, https:\/\/svetaobitelj.hr\/wp-content\/uploads\/2025\/08\/slika2-1536x1536.jpg 1536w, https:\/\/svetaobitelj.hr\/wp-content\/uploads\/2025\/08\/slika2.jpg 2048w\" sizes=\"auto, (max-width: 1024px) 100vw, 1024px\" \/><\/figure>\n\n\n\n<figure class=\"wp-block-image size-large\"><img loading=\"lazy\" decoding=\"async\" width=\"1024\" height=\"1024\" src=\"http:\/\/svetaobitelj.hr\/wp-content\/uploads\/2025\/08\/slika3-1024x1024.jpg\" alt=\"\" class=\"wp-image-3827\" srcset=\"https:\/\/svetaobitelj.hr\/wp-content\/uploads\/2025\/08\/slika3-1024x1024.jpg 1024w, https:\/\/svetaobitelj.hr\/wp-content\/uploads\/2025\/08\/slika3-300x300.jpg 300w, https:\/\/svetaobitelj.hr\/wp-content\/uploads\/2025\/08\/slika3-150x150.jpg 150w, https:\/\/svetaobitelj.hr\/wp-content\/uploads\/2025\/08\/slika3-768x768.jpg 768w, https:\/\/svetaobitelj.hr\/wp-content\/uploads\/2025\/08\/slika3-1536x1536.jpg 1536w, https:\/\/svetaobitelj.hr\/wp-content\/uploads\/2025\/08\/slika3.jpg 2048w\" sizes=\"auto, (max-width: 1024px) 100vw, 1024px\" \/><\/figure>\n\n\n\n<p><br>U ranim jutarnjim satima okupili smo se ispred na\u0161e \u017eupne crkve, gdje smo zapo\u010deli put molitvom.<br>Prva stanica bila je u Kotlima, gdje je bilo prekrasno, slikali smo se, zabavljali, i puno toga, te istra\u017eivali\u00a0 malo okolnu \u0161umu. Nakon du\u017eeg zadr\u017eavanja nastavili prema Rovinju i samostanu. Po dolasku u samostan srda\u010dno nas je je do\u010dekao fra Dra\u017een. Nakon kratkog upoznavanje slijedio je ru\u010dak. Nakon ru\u010dka polako smo se spremali za svetu misu.<br>Sljede\u0107e jutro pokazali smo dobar duh zajedni\u0161tva. S obzirom da je bila jaka oluja odlu\u010dili smo pomo\u0107i fratrima u \u010di\u0161\u0107enju samostana i dvori\u0161ta. Bilo nam je jako drago \u0161to smo mogli pomo\u0107i. Nakon toga uslijedio je zaslu\u017een odmor na pla\u017ei, gdje smo se dru\u017eili, kupali ,igrali \u010dak smo i na pedalinama bili. Dva dana proveli smo na na pla\u017ei u\u017eivaju\u0107i u suncu i kupanju. A kada je pala no\u0107 odlu\u010dili smo se i\u0107i pro\u0161etati kroz Rovinj, prekrasno!<br>Na povratku, \u010detvrti dan, zaustavili smo se u Karlovcu gdje nas je do\u010dekao fra Leopold i fra Sini\u0161a. Sudjelovali smo na misi i klanjanju.<br>Ispunjenih srda\u0161ca I puni lijepih uspomena krenuli smo za Osijek.<br>Hvala svima! Voza\u010dima, odraslima koji su nas pratili \u0160tefaniji i \u017deljki ,fra Marku koji nas je ugostio u Rovinju. Ali najvi\u0161e Tatjani i fra Dragecu \u0161to su nam omogu\u0107ili ovo prelijepo i nezaboravno putovanje!!<br> Ivona Kne\u017eevi\u0107 (ministrantica)<\/p>\n\n\n\n<figure class=\"wp-block-image size-large\"><img loading=\"lazy\" decoding=\"async\" width=\"1024\" height=\"1024\" src=\"http:\/\/svetaobitelj.hr\/wp-content\/uploads\/2025\/08\/slika4-1024x1024.jpg\" alt=\"\" class=\"wp-image-3828\" srcset=\"https:\/\/svetaobitelj.hr\/wp-content\/uploads\/2025\/08\/slika4-1024x1024.jpg 1024w, https:\/\/svetaobitelj.hr\/wp-content\/uploads\/2025\/08\/slika4-300x300.jpg 300w, https:\/\/svetaobitelj.hr\/wp-content\/uploads\/2025\/08\/slika4-150x150.jpg 150w, https:\/\/svetaobitelj.hr\/wp-content\/uploads\/2025\/08\/slika4-768x768.jpg 768w, https:\/\/svetaobitelj.hr\/wp-content\/uploads\/2025\/08\/slika4-1536x1536.jpg 1536w, https:\/\/svetaobitelj.hr\/wp-content\/uploads\/2025\/08\/slika4.jpg 2048w\" sizes=\"auto, (max-width: 1024px) 100vw, 1024px\" \/><\/figure>\n\n\n\n<figure class=\"wp-block-image size-large\"><img loading=\"lazy\" decoding=\"async\" width=\"1024\" height=\"1024\" src=\"http:\/\/svetaobitelj.hr\/wp-content\/uploads\/2025\/08\/slika5-1024x1024.jpg\" alt=\"\" class=\"wp-image-3829\" srcset=\"https:\/\/svetaobitelj.hr\/wp-content\/uploads\/2025\/08\/slika5-1024x1024.jpg 1024w, https:\/\/svetaobitelj.hr\/wp-content\/uploads\/2025\/08\/slika5-300x300.jpg 300w, https:\/\/svetaobitelj.hr\/wp-content\/uploads\/2025\/08\/slika5-150x150.jpg 150w, https:\/\/svetaobitelj.hr\/wp-content\/uploads\/2025\/08\/slika5-768x768.jpg 768w, https:\/\/svetaobitelj.hr\/wp-content\/uploads\/2025\/08\/slika5-1536x1536.jpg 1536w, https:\/\/svetaobitelj.hr\/wp-content\/uploads\/2025\/08\/slika5.jpg 2048w\" sizes=\"auto, (max-width: 1024px) 100vw, 1024px\" \/><\/figure>\n\n\n\n<figure class=\"wp-block-image size-large\"><img loading=\"lazy\" decoding=\"async\" width=\"1024\" height=\"1024\" src=\"http:\/\/svetaobitelj.hr\/wp-content\/uploads\/2025\/08\/slika6-1024x1024.jpg\" alt=\"\" class=\"wp-image-3830\" srcset=\"https:\/\/svetaobitelj.hr\/wp-content\/uploads\/2025\/08\/slika6-1024x1024.jpg 1024w, https:\/\/svetaobitelj.hr\/wp-content\/uploads\/2025\/08\/slika6-300x300.jpg 300w, https:\/\/svetaobitelj.hr\/wp-content\/uploads\/2025\/08\/slika6-150x150.jpg 150w, https:\/\/svetaobitelj.hr\/wp-content\/uploads\/2025\/08\/slika6-768x768.jpg 768w, https:\/\/svetaobitelj.hr\/wp-content\/uploads\/2025\/08\/slika6-1536x1536.jpg 1536w, https:\/\/svetaobitelj.hr\/wp-content\/uploads\/2025\/08\/slika6.jpg 2048w\" sizes=\"auto, (max-width: 1024px) 100vw, 1024px\" \/><\/figure>\n\n\n\n<figure class=\"wp-block-image size-large\"><img loading=\"lazy\" decoding=\"async\" width=\"1024\" height=\"1024\" src=\"http:\/\/svetaobitelj.hr\/wp-content\/uploads\/2025\/08\/slika7-1024x1024.jpg\" alt=\"\" class=\"wp-image-3831\" srcset=\"https:\/\/svetaobitelj.hr\/wp-content\/uploads\/2025\/08\/slika7-1024x1024.jpg 1024w, https:\/\/svetaobitelj.hr\/wp-content\/uploads\/2025\/08\/slika7-300x300.jpg 300w, https:\/\/svetaobitelj.hr\/wp-content\/uploads\/2025\/08\/slika7-150x150.jpg 150w, https:\/\/svetaobitelj.hr\/wp-content\/uploads\/2025\/08\/slika7-768x768.jpg 768w, https:\/\/svetaobitelj.hr\/wp-content\/uploads\/2025\/08\/slika7-1536x1536.jpg 1536w, https:\/\/svetaobitelj.hr\/wp-content\/uploads\/2025\/08\/slika7.jpg 2048w\" sizes=\"auto, (max-width: 1024px) 100vw, 1024px\" \/><\/figure>\n","protected":false},"excerpt":{"rendered":"<p>U ranim jutarnjim satima okupili smo se ispred na\u0161e \u017eupne crkve, gdje smo zapo\u010deli put molitvom.Prva stanica bila je u Kotlima, gdje je bilo prekrasno, slikali smo se, zabavljali, i puno toga, te istra\u017eivali\u00a0 malo okolnu \u0161umu. Nakon du\u017eeg zadr\u017eavanja nastavili prema Rovinju i samostanu. Po dolasku u samostan srda\u010dno nas je je do\u010dekao fra <a href=\"https:\/\/svetaobitelj.hr\/?p=3824\" class=\"more-link\">[&hellip;]<\/a><\/p>\n","protected":false},"author":2,"featured_media":0,"comment_status":"closed","ping_status":"open","sticky":false,"template":"","format":"standard","meta":{"footnotes":""},"categories":[3],"tags":[],"class_list":["entry","author-","post-3824","post","type-post","status-publish","format-standard","category-zupa"],"_links":{"self":[{"href":"https:\/\/svetaobitelj.hr\/index.php?rest_route=\/wp\/v2\/posts\/3824","targetHints":{"allow":["GET"]}}],"collection":[{"href":"https:\/\/svetaobitelj.hr\/index.php?rest_route=\/wp\/v2\/posts"}],"about":[{"href":"https:\/\/svetaobitelj.hr\/index.php?rest_route=\/wp\/v2\/types\/post"}],"author":[{"embeddable":true,"href":"https:\/\/svetaobitelj.hr\/index.php?rest_route=\/wp\/v2\/users\/2"}],"replies":[{"embeddable":true,"href":"https:\/\/svetaobitelj.hr\/index.php?rest_route=%2Fwp%2Fv2%2Fcomments&post=3824"}],"version-history":[{"count":1,"href":"https:\/\/svetaobitelj.hr\/index.php?rest_route=\/wp\/v2\/posts\/3824\/revisions"}],"predecessor-version":[{"id":3832,"href":"https:\/\/svetaobitelj.hr\/index.php?rest_route=\/wp\/v2\/posts\/3824\/revisions\/3832"}],"wp:attachment":[{"href":"https:\/\/svetaobitelj.hr\/index.php?rest_route=%2Fwp%2Fv2%2Fmedia&parent=3824"}],"wp:term":[{"taxonomy":"category","embeddable":true,"href":"https:\/\/svetaobitelj.hr\/index.php?rest_route=%2Fwp%2Fv2%2Fcategories&post=3824"},{"taxonomy":"post_tag","embeddable":true,"href":"https:\/\/svetaobitelj.hr\/index.php?rest_route=%2Fwp%2Fv2%2Ftags&post=3824"}],"curies":[{"name":"wp","href":"https:\/\/api.w.org\/{rel}","templated":true}]}}