{"id":3817,"date":"2025-08-08T05:41:57","date_gmt":"2025-08-08T04:41:57","guid":{"rendered":"http:\/\/svetaobitelj.hr\/?p=3817"},"modified":"2025-08-08T05:41:57","modified_gmt":"2025-08-08T04:41:57","slug":"zupne-obavijesti-19-nedjelja-kroz-godinu-8","status":"publish","type":"post","link":"https:\/\/svetaobitelj.hr\/?p=3817","title":{"rendered":"\u017dupne obavijesti: 19. nedjelja kroz godinu"},"content":{"rendered":"\n<p>Slavimo devetnaestu nedjelju kroz godinu.<\/p>\n\n\n\n<p>Sutra slavimo sv. Klaru Asi\u0161ku, djevicu, utemeljiteljicu drugoga franjeva\u010dkog reda, Sestara klarisa.<\/p>\n\n\n\n<p>U \u010detvrtak slavimo sv. Maksimilijana Kolbea, franjevca, prezbitera i mu\u010denika.<\/p>\n\n\n\n<p>U petak slavimo zapovijedani blagdan Uznesenja Bla\u017eene Djevice Marije \u2013 Veliku Gospu. U na\u0161oj \u017eupi svete mise su prema nedjeljnom rasporedu.<\/p>\n\n\n\n<p>Sljede\u0107e nedjelje slavimo dvadesetu nedjelju kroz godinu.<\/p>\n\n\n\n<p><em>Obavijest iz na\u0161e Nadbiskupije hodo\u010dasnicima u Rim<\/em>: zbog poskupljenja propusnica za autobuse u Rimu (oko 300%) kao i turisti\u010dke takse za Rim (skoro 100%), potrebno je uplatiti jo\u0161 40 eura po osobi pa molim da prijavljeni hodo\u010dasnici to u\u010dine \u0161to prije u \u017eupnom uredu, a najkasnije do 23. kolovoza.<\/p>\n\n\n\n<p>Zahvalni za va\u0161u pomo\u0107 kojom poma\u017eete obnovu na\u0161ih crkava i samostana nastradalih u potresima, preporu\u010damo se i nadalje va\u0161oj dobroti. Svoj nov\u010dani prilog mo\u017eete dati u posebno ozna\u010denu \u0161krabicu pri izlazu iz crkve ili u \u017eupni ured ili direktno uplatiti na ra\u010dun koji se nalazi na letku.<\/p>\n\n\n\n<p>U tijeku je nacionalni projekt hrvatskoga Caritasa <em>Spasi kunu od propasti, daruj je za 1000 radosti.<\/em> Pozvani smo da darujemo neiskori\u0161tene kovanice kuna i lipa i na taj na\u010din pomognemo ovoj akciji za pomo\u0107 siroma\u0161nima na podru\u010dju Republike Hrvatske. Kovanice mo\u017eete donijeti u \u017eupni ured koje \u0107emo tada proslijediti preko nadbiskupijskog Caritasa u nacionalni. Svoje kovanice mo\u017eete dati i u po\u0161tanskom uredu, Opatijska 26f, koji je na teritoriju na\u0161e \u017eupe. Zamoljeni smo iz Nacionalnog Caritasa da darujemo kovanice \u0161to prije te da ne \u010dekamo posljednje dane ove godine za predaju<br>istih.<\/p>\n\n\n\n<p>Prijave za \u017eupne kateheze bit \u0107e od 22. do 24. rujna u \u017eupnom uredu od 8:30 \u2013 11:00 te od 16:00 \u2013 18:00 sati. \u017dupne kateheze su obvezne uz \u0161kolski vjeronauk i poha\u0111anje svetih misa kao priprava za primanje prve sv. ispovijedi, prve sv. pri\u010desti i sv. potvrde. Kateheze su obvezne za prve, druge, tre\u0107e i osme razrede osnovnih \u0161kola te prve i druge razrede srednjih \u0161kola. Kod prijave potrebno je donijeti \u017eupnu obiteljsku knji\u017eicu kao i potvrdu o poha\u0111anju \u0161kolskog vjeronauka.<\/p>\n\n\n\n<p>Molim sve vas koji jo\u0161 nemate \u017eupnu obiteljsku knji\u017eicu ili je potrebno upisati promjene u postoje\u0107e, da se javite u \u017eupni ured.<\/p>\n\n\n\n<p>Kupujte i \u010ditajte katoli\u010dki vjerski tisak.<\/p>\n","protected":false},"excerpt":{"rendered":"<p>Slavimo devetnaestu nedjelju kroz godinu. Sutra slavimo sv. Klaru Asi\u0161ku, djevicu, utemeljiteljicu drugoga franjeva\u010dkog reda, Sestara klarisa. U \u010detvrtak slavimo sv. Maksimilijana Kolbea, franjevca, prezbitera i mu\u010denika. U petak slavimo zapovijedani blagdan Uznesenja Bla\u017eene Djevice Marije \u2013 Veliku Gospu. U na\u0161oj \u017eupi svete mise su prema nedjeljnom rasporedu. Sljede\u0107e nedjelje slavimo dvadesetu nedjelju kroz godinu. <a href=\"https:\/\/svetaobitelj.hr\/?p=3817\" class=\"more-link\">[&hellip;]<\/a><\/p>\n","protected":false},"author":2,"featured_media":0,"comment_status":"closed","ping_status":"open","sticky":false,"template":"","format":"standard","meta":{"footnotes":""},"categories":[3],"tags":[],"class_list":["entry","author-","post-3817","post","type-post","status-publish","format-standard","category-zupa"],"_links":{"self":[{"href":"https:\/\/svetaobitelj.hr\/index.php?rest_route=\/wp\/v2\/posts\/3817","targetHints":{"allow":["GET"]}}],"collection":[{"href":"https:\/\/svetaobitelj.hr\/index.php?rest_route=\/wp\/v2\/posts"}],"about":[{"href":"https:\/\/svetaobitelj.hr\/index.php?rest_route=\/wp\/v2\/types\/post"}],"author":[{"embeddable":true,"href":"https:\/\/svetaobitelj.hr\/index.php?rest_route=\/wp\/v2\/users\/2"}],"replies":[{"embeddable":true,"href":"https:\/\/svetaobitelj.hr\/index.php?rest_route=%2Fwp%2Fv2%2Fcomments&post=3817"}],"version-history":[{"count":1,"href":"https:\/\/svetaobitelj.hr\/index.php?rest_route=\/wp\/v2\/posts\/3817\/revisions"}],"predecessor-version":[{"id":3818,"href":"https:\/\/svetaobitelj.hr\/index.php?rest_route=\/wp\/v2\/posts\/3817\/revisions\/3818"}],"wp:attachment":[{"href":"https:\/\/svetaobitelj.hr\/index.php?rest_route=%2Fwp%2Fv2%2Fmedia&parent=3817"}],"wp:term":[{"taxonomy":"category","embeddable":true,"href":"https:\/\/svetaobitelj.hr\/index.php?rest_route=%2Fwp%2Fv2%2Fcategories&post=3817"},{"taxonomy":"post_tag","embeddable":true,"href":"https:\/\/svetaobitelj.hr\/index.php?rest_route=%2Fwp%2Fv2%2Ftags&post=3817"}],"curies":[{"name":"wp","href":"https:\/\/api.w.org\/{rel}","templated":true}]}}