{"id":3811,"date":"2025-08-01T18:30:44","date_gmt":"2025-08-01T17:30:44","guid":{"rendered":"http:\/\/svetaobitelj.hr\/?p=3811"},"modified":"2025-08-01T18:30:44","modified_gmt":"2025-08-01T17:30:44","slug":"zupne-obavijesti-18-nedjelja-kroz-godinu-7","status":"publish","type":"post","link":"https:\/\/svetaobitelj.hr\/?p=3811","title":{"rendered":"\u017dupne obavijesti: 18. nedjelja kroz godinu"},"content":{"rendered":"\n<p>Slavimo osamnaestu nedjelju kroz godinu. Prva je nedjelja u mjesecu kada se svojim molitvama i nov\u010danim darovima sje\u0107amo na\u0161ih sjemeni\u0161ta te molimo za duhovna zvanja. Svoj nov\u010dani dar za sjemeni\u0161ta mo\u017eete dati na izlazu iz crkve.<\/p>\n\n\n\n<p><strong>Sutra <\/strong>slavimo sv. Ivana Mariju Vianneya, prezbitera. U <strong>utorak <\/strong>je Dan pobjede i domovinske zahvalnosti i Dan hrvatskih branitelja. Pod ve\u010dernjom svetom misom molit \u0107emo za Domovinu i na\u0161e poginule i nestale hrvatske branitelje. U <strong>srijedu<\/strong> slavimo Preobra\u017eenje Gospodinovo. U <strong>\u010detvrtak<\/strong> je nakon ve\u010dernje svete mise klanjanje pred Presvetim. U <strong>petak<\/strong><br>slavimo sv. Dominika, osniva\u010da dominikanaca. U <strong>subotu <\/strong>slavimo sv. Tereziju Benediktu od Kri\u017ea (Edit Stein), djevicu i mu\u010denicu, za\u0161titnicu Europe. Pobo\u017enost na \u010dast bl. Marije Petkovi\u0107 je u 18:15.<\/p>\n\n\n\n<p>Sljede\u0107e nedjelje slavimo devetnaestu nedjelju kroz godinu. <\/p>\n\n\n\n<p><strong>Obavijest iz na\u0161e Nadbiskupije hodo\u010dasnicima u Rim<\/strong>: zbog poskupljenja propusnica za autobuse u Rimu (oko 300%) kao i turisti\u010dke takse za Rim (skoro 100%), potrebno je uplatiti jo\u0161 40 eura po osobi pa molim da prijavljeni hodo\u010dasnici to u\u010dine \u0161to prije u \u017eupnom uredu, a najkasnije do 23. kolovoza.<\/p>\n\n\n\n<p>Zahvalni za va\u0161u pomo\u0107 kojom poma\u017eete obnovu na\u0161ih crkava i samostana nastradalih u potresima, preporu\u010damo se i nadalje va\u0161oj dobroti. Svoj nov\u010dani prilog mo\u017eete dati u posebno ozna\u010denu \u0161krabicu pri izlazu iz crkve ili u \u017eupni ured ili direktno uplatiti na ra\u010dun koji se nalazi na letku.<\/p>\n\n\n\n<p>U tijeku je nacionalni projekt hrvatskoga Caritasa <em>Spasi kunu od propasti, daruj je za 1000 radosti.<\/em> Pozvani smo da darujemo neiskori\u0161tene kovanice kuna i lipa i na taj na\u010din pomognemo ovoj akciji za pomo\u0107 siroma\u0161nima na podru\u010dju Republike Hrvatske. Kovanice mo\u017eete donijeti u \u017eupni ured koje \u0107emo tada proslijediti preko nadbiskupijskog Caritasa u nacionalni. Svoje kovanice mo\u017eete dati i u po\u0161tanskom uredu, Opatijska 26f, koji je na teritoriju na\u0161e \u017eupe. Zamoljeni smo iz Nacionalnog Caritasa da darujemo kovanice \u0161to prije te da ne \u010dekamo posljednje dane ove godine za predaju<br>istih. <\/p>\n\n\n\n<p><strong>Prijave za \u017eupne kateheze<\/strong> bit \u0107e od 22. do 24. rujna u \u017eupnom uredu od 8:30 \u2013 11:00 te od 16:00 \u2013 18:00 sati. \u017dupne kateheze su obvezne uz \u0161kolski vjeronauk i poha\u0111anje svetih misa kao priprava za primanje prve sv. ispovijedi, prve sv. pri\u010desti i sv. potvrde. Kateheze su obvezne za prve, druge, tre\u0107e i osme razrede osnovnih \u0161kola te prve i druge razrede srednjih \u0161kola. Kod prijave potrebno je donijeti \u017eupnu obiteljsku knji\u017eicu kao i potvrdu o poha\u0111anju \u0161kolskog vjeronauka.<\/p>\n\n\n\n<p>Molim sve vas koji jo\u0161 nemate \u017eupnu obiteljsku knji\u017eicu ili je potrebno upisati promjene u postoje\u0107e, da se javite u \u017eupni ured.<\/p>\n\n\n\n<p>Kupujte i \u010ditajte katoli\u010dki vjerski tisak.<\/p>\n","protected":false},"excerpt":{"rendered":"<p>Slavimo osamnaestu nedjelju kroz godinu. Prva je nedjelja u mjesecu kada se svojim molitvama i nov\u010danim darovima sje\u0107amo na\u0161ih sjemeni\u0161ta te molimo za duhovna zvanja. Svoj nov\u010dani dar za sjemeni\u0161ta mo\u017eete dati na izlazu iz crkve. Sutra slavimo sv. Ivana Mariju Vianneya, prezbitera. U utorak je Dan pobjede i domovinske zahvalnosti i Dan hrvatskih branitelja. <a href=\"https:\/\/svetaobitelj.hr\/?p=3811\" class=\"more-link\">[&hellip;]<\/a><\/p>\n","protected":false},"author":2,"featured_media":0,"comment_status":"closed","ping_status":"open","sticky":false,"template":"","format":"standard","meta":{"footnotes":""},"categories":[3],"tags":[],"class_list":["entry","author-","post-3811","post","type-post","status-publish","format-standard","category-zupa"],"_links":{"self":[{"href":"https:\/\/svetaobitelj.hr\/index.php?rest_route=\/wp\/v2\/posts\/3811","targetHints":{"allow":["GET"]}}],"collection":[{"href":"https:\/\/svetaobitelj.hr\/index.php?rest_route=\/wp\/v2\/posts"}],"about":[{"href":"https:\/\/svetaobitelj.hr\/index.php?rest_route=\/wp\/v2\/types\/post"}],"author":[{"embeddable":true,"href":"https:\/\/svetaobitelj.hr\/index.php?rest_route=\/wp\/v2\/users\/2"}],"replies":[{"embeddable":true,"href":"https:\/\/svetaobitelj.hr\/index.php?rest_route=%2Fwp%2Fv2%2Fcomments&post=3811"}],"version-history":[{"count":1,"href":"https:\/\/svetaobitelj.hr\/index.php?rest_route=\/wp\/v2\/posts\/3811\/revisions"}],"predecessor-version":[{"id":3812,"href":"https:\/\/svetaobitelj.hr\/index.php?rest_route=\/wp\/v2\/posts\/3811\/revisions\/3812"}],"wp:attachment":[{"href":"https:\/\/svetaobitelj.hr\/index.php?rest_route=%2Fwp%2Fv2%2Fmedia&parent=3811"}],"wp:term":[{"taxonomy":"category","embeddable":true,"href":"https:\/\/svetaobitelj.hr\/index.php?rest_route=%2Fwp%2Fv2%2Fcategories&post=3811"},{"taxonomy":"post_tag","embeddable":true,"href":"https:\/\/svetaobitelj.hr\/index.php?rest_route=%2Fwp%2Fv2%2Ftags&post=3811"}],"curies":[{"name":"wp","href":"https:\/\/api.w.org\/{rel}","templated":true}]}}