{"id":3790,"date":"2025-07-11T09:45:27","date_gmt":"2025-07-11T08:45:27","guid":{"rendered":"https:\/\/svetaobitelj.hr\/?p=3790"},"modified":"2025-07-11T09:45:27","modified_gmt":"2025-07-11T08:45:27","slug":"blazena-marija-propetog-isusa-petkovic","status":"publish","type":"post","link":"https:\/\/svetaobitelj.hr\/?p=3790","title":{"rendered":"Bla\u017eena Marija Propetog Isusa Petkovi\u0107"},"content":{"rendered":"\n<p>Proslavi Blagdana Bla\u017eene Marije Propetog Isusa Petkovi\u0107 u na\u0161oj \u017eupi sv. Obitelji prethodila je trodnevna priprava koja je zapo\u010dela u nedjelju, pobo\u017eno\u0161\u0107u prije svete mise &#8211; molitvom Hvale i Zazivima nebeskom Ocu, kojima je na poseban na\u010din sama bla\u017eenica \u017eeljela da se \u010dasti Otac nebeski. U propovijedi, na\u0161 \u017eupnik fra Dragutin Bedeni\u010di\u0107 osvrnuo se na evan\u0111elje, posebice na to kako je Isus slao svoje u\u010denike da pripreme narod. Radosni su do\u0161li izvijestiti \u0161to su do\u017eivjeli, a Isus im govori da se jo\u0161 vi\u0161e treba radovati \u0161to su vam imena zapisana na nebesima. I sama bla\u017eena Marija prihvatila je Isusov poziv i poslanje i i\u0161la me\u0111u najpotrebnije govore\u0107i o ljubavi Bo\u017ejoj.<\/p>\n\n\n\n<div class=\"wp-block-image\"><figure class=\"aligncenter size-large\"><img loading=\"lazy\" decoding=\"async\" width=\"1024\" height=\"1024\" src=\"https:\/\/svetaobitelj.hr\/wp-content\/uploads\/2025\/07\/20250711_092534-1024x1024.jpg\" alt=\"\" class=\"wp-image-3791\" srcset=\"https:\/\/svetaobitelj.hr\/wp-content\/uploads\/2025\/07\/20250711_092534-1024x1024.jpg 1024w, https:\/\/svetaobitelj.hr\/wp-content\/uploads\/2025\/07\/20250711_092534-300x300.jpg 300w, https:\/\/svetaobitelj.hr\/wp-content\/uploads\/2025\/07\/20250711_092534-150x150.jpg 150w, https:\/\/svetaobitelj.hr\/wp-content\/uploads\/2025\/07\/20250711_092534-768x768.jpg 768w, https:\/\/svetaobitelj.hr\/wp-content\/uploads\/2025\/07\/20250711_092534-1536x1536.jpg 1536w, https:\/\/svetaobitelj.hr\/wp-content\/uploads\/2025\/07\/20250711_092534.jpg 1600w\" sizes=\"auto, (max-width: 1024px) 100vw, 1024px\" \/><\/figure><\/div>\n\n\n\n<p>Drugi dan priprave u molitvi krunice u otajstva su utkana razmi\u0161ljanja bla\u017eene Marije. Nakon \u010ditanja evan\u0111elja &#8211; kako je neki glavar do\u0161ao k Isusu moliti ga za svoju k\u0107i, u prigodnoj propovijedi \u017eupnik nam je za primjer dao bla\u017eenu Mariju &#8211; kako je ona znala do\u0107i k Isusu i dopustiti da Isus do\u0111e k njoj, pitaju\u0107i jesmo li mi spremni dopustiti Isusu da do\u0111e k nama.<\/p>\n\n\n\n<div class=\"wp-block-image\"><figure class=\"aligncenter size-large\"><img loading=\"lazy\" decoding=\"async\" width=\"1024\" height=\"1024\" src=\"https:\/\/svetaobitelj.hr\/wp-content\/uploads\/2025\/07\/20250711_092554-1024x1024.jpg\" alt=\"\" class=\"wp-image-3792\" srcset=\"https:\/\/svetaobitelj.hr\/wp-content\/uploads\/2025\/07\/20250711_092554-1024x1024.jpg 1024w, https:\/\/svetaobitelj.hr\/wp-content\/uploads\/2025\/07\/20250711_092554-300x300.jpg 300w, https:\/\/svetaobitelj.hr\/wp-content\/uploads\/2025\/07\/20250711_092554-150x150.jpg 150w, https:\/\/svetaobitelj.hr\/wp-content\/uploads\/2025\/07\/20250711_092554-768x768.jpg 768w, https:\/\/svetaobitelj.hr\/wp-content\/uploads\/2025\/07\/20250711_092554-1536x1536.jpg 1536w, https:\/\/svetaobitelj.hr\/wp-content\/uploads\/2025\/07\/20250711_092554.jpg 1600w\" sizes=\"auto, (max-width: 1024px) 100vw, 1024px\" \/><\/figure><\/div>\n\n\n\n<p>Tre\u0107i dan priprave s vjernicima protekao je u razmi\u0161ljanju o ljepoti hvalospjeva Bogu uz Kantik hvale, nakon kojeg smo molile litanije bla\u017eene Marije Propetog Isusa Petkovi\u0107. U propovijedi, \u017eupnik je pozvao prisutne da molimo za sve\u0107enike i redovni\u010dka zvanja. Potrebno je da se mladi ne boje odazvati. Bla\u017eena Marija ide u nepoznato s velikim povjerenjem u Boga, prihva\u0107a najmanje i najpotrebnije pokazuju\u0107i da Bog ljubi svakoga.<\/p>\n\n\n\n<div class=\"wp-block-image\"><figure class=\"aligncenter size-large\"><img loading=\"lazy\" decoding=\"async\" width=\"1024\" height=\"1024\" src=\"https:\/\/svetaobitelj.hr\/wp-content\/uploads\/2025\/07\/20250711_092607-1024x1024.jpg\" alt=\"\" class=\"wp-image-3793\" srcset=\"https:\/\/svetaobitelj.hr\/wp-content\/uploads\/2025\/07\/20250711_092607-1024x1024.jpg 1024w, https:\/\/svetaobitelj.hr\/wp-content\/uploads\/2025\/07\/20250711_092607-300x300.jpg 300w, https:\/\/svetaobitelj.hr\/wp-content\/uploads\/2025\/07\/20250711_092607-150x150.jpg 150w, https:\/\/svetaobitelj.hr\/wp-content\/uploads\/2025\/07\/20250711_092607-768x768.jpg 768w, https:\/\/svetaobitelj.hr\/wp-content\/uploads\/2025\/07\/20250711_092607-1536x1536.jpg 1536w, https:\/\/svetaobitelj.hr\/wp-content\/uploads\/2025\/07\/20250711_092607.jpg 1600w\" sizes=\"auto, (max-width: 1024px) 100vw, 1024px\" \/><\/figure><\/div>\n\n\n\n<p>Sam dan blagdana proslavile smo sve\u010danom sv. misom koju je predslavio na\u0161 \u017eupnik fra Dragutin Bedeni\u010di\u0107 uz prisutnost djece koja sada poha\u0111aju vrti\u0107 Marija Petkovi\u0107, kao i onih koji su ga prije poha\u0111ali, te njihovih roditelja i na\u0161ih \u017eupljana koji su se odazvali u velikom broju. \u017dupnik se osvrnuo na dan progla\u0161enja na\u0161e bla\u017eenice, te nas zapitao jesmo li ponosni \u0161to imamo bla\u017eenicu iz svog naroda, te koliko smo zahvalni Bogu \u0161to imamo bla\u017eenike i primamo tolike milosti po njihovom zagovoru. Potaknuo je roditelje na razmi\u0161ljanje o tome koliko je va\u017eno ostati vjeran svom pozivu, primaju\u0107i dar novoga \u017eivota u svojoj djeci. Na kraju misnog slavlja sestre i odgojiteljice su pripremile s djecom nekoliko recitacija i pjesama u \u010dast na\u0161oj bla\u017eenoj Mariji, \u00a0a na radost svih prisutnih. Glazbeni dio pripremila je i svojim sviranjem popratila s. M. Helena Bakula, te je tako\u0111er i animirala pjevanje na svetoj misi. Bogu hvala na milosti \u0161to nam daruje po zagovoru Bla\u017eene Marije Propetog Isusa Petkovi\u0107.<\/p>\n\n\n\n<div class=\"wp-block-image\"><figure class=\"aligncenter size-large\"><img loading=\"lazy\" decoding=\"async\" width=\"1024\" height=\"1024\" src=\"https:\/\/svetaobitelj.hr\/wp-content\/uploads\/2025\/07\/20250711_092618-1024x1024.jpg\" alt=\"\" class=\"wp-image-3794\" srcset=\"https:\/\/svetaobitelj.hr\/wp-content\/uploads\/2025\/07\/20250711_092618-1024x1024.jpg 1024w, https:\/\/svetaobitelj.hr\/wp-content\/uploads\/2025\/07\/20250711_092618-300x300.jpg 300w, https:\/\/svetaobitelj.hr\/wp-content\/uploads\/2025\/07\/20250711_092618-150x150.jpg 150w, https:\/\/svetaobitelj.hr\/wp-content\/uploads\/2025\/07\/20250711_092618-768x768.jpg 768w, https:\/\/svetaobitelj.hr\/wp-content\/uploads\/2025\/07\/20250711_092618-1536x1536.jpg 1536w, https:\/\/svetaobitelj.hr\/wp-content\/uploads\/2025\/07\/20250711_092618.jpg 1600w\" sizes=\"auto, (max-width: 1024px) 100vw, 1024px\" \/><\/figure><\/div>\n","protected":false},"excerpt":{"rendered":"<p>Proslavi Blagdana Bla\u017eene Marije Propetog Isusa Petkovi\u0107 u na\u0161oj \u017eupi sv. Obitelji prethodila je trodnevna priprava koja je zapo\u010dela u nedjelju, pobo\u017eno\u0161\u0107u prije svete mise &#8211; molitvom Hvale i Zazivima nebeskom Ocu, kojima je na poseban na\u010din sama bla\u017eenica \u017eeljela da se \u010dasti Otac nebeski. U propovijedi, na\u0161 \u017eupnik fra Dragutin Bedeni\u010di\u0107 osvrnuo se na <a href=\"https:\/\/svetaobitelj.hr\/?p=3790\" class=\"more-link\">[&hellip;]<\/a><\/p>\n","protected":false},"author":2,"featured_media":0,"comment_status":"closed","ping_status":"open","sticky":false,"template":"","format":"standard","meta":{"footnotes":""},"categories":[3],"tags":[],"class_list":["entry","author-","post-3790","post","type-post","status-publish","format-standard","category-zupa"],"_links":{"self":[{"href":"https:\/\/svetaobitelj.hr\/index.php?rest_route=\/wp\/v2\/posts\/3790","targetHints":{"allow":["GET"]}}],"collection":[{"href":"https:\/\/svetaobitelj.hr\/index.php?rest_route=\/wp\/v2\/posts"}],"about":[{"href":"https:\/\/svetaobitelj.hr\/index.php?rest_route=\/wp\/v2\/types\/post"}],"author":[{"embeddable":true,"href":"https:\/\/svetaobitelj.hr\/index.php?rest_route=\/wp\/v2\/users\/2"}],"replies":[{"embeddable":true,"href":"https:\/\/svetaobitelj.hr\/index.php?rest_route=%2Fwp%2Fv2%2Fcomments&post=3790"}],"version-history":[{"count":2,"href":"https:\/\/svetaobitelj.hr\/index.php?rest_route=\/wp\/v2\/posts\/3790\/revisions"}],"predecessor-version":[{"id":3796,"href":"https:\/\/svetaobitelj.hr\/index.php?rest_route=\/wp\/v2\/posts\/3790\/revisions\/3796"}],"wp:attachment":[{"href":"https:\/\/svetaobitelj.hr\/index.php?rest_route=%2Fwp%2Fv2%2Fmedia&parent=3790"}],"wp:term":[{"taxonomy":"category","embeddable":true,"href":"https:\/\/svetaobitelj.hr\/index.php?rest_route=%2Fwp%2Fv2%2Fcategories&post=3790"},{"taxonomy":"post_tag","embeddable":true,"href":"https:\/\/svetaobitelj.hr\/index.php?rest_route=%2Fwp%2Fv2%2Ftags&post=3790"}],"curies":[{"name":"wp","href":"https:\/\/api.w.org\/{rel}","templated":true}]}}