{"id":379,"date":"2018-06-01T10:29:02","date_gmt":"2018-06-01T09:29:02","guid":{"rendered":"http:\/\/svetaobitelj.hr\/?p=379"},"modified":"2020-01-29T21:59:02","modified_gmt":"2020-01-29T20:59:02","slug":"tijelovo","status":"publish","type":"post","link":"https:\/\/svetaobitelj.hr\/?p=379","title":{"rendered":"Tijelovo"},"content":{"rendered":"<p>Blagdan Tijelova proslavili smo redovitim svetim misama. Nakon ve\u010dernje mise procesijom smo obi\u0161li na\u0161u crkvu, te na taj na\u010din uveli\u010dali prisutnost na\u0161ega Spasitelja u presvetom oltarskom sakramentu. Zborovi, ministranti,\u010dita\u010di te djeca koja su bacala latice ru\u017ea uzvikuju\u0107i: &#8220;hvaljen i slavljen budi Isus&#8221; uz ostale vjernike \u010dinili smo \u017eupnu vjerni\u010dku zajednicu i svojim skromnim doprinosom i molitvama rekli, svatko na svoj na\u010din-Isuse hvala Ti!<\/p>\n<p>&nbsp;<\/p>\n<p><img loading=\"lazy\" decoding=\"async\" class=\"size-medium wp-image-380 aligncenter\" src=\"http:\/\/svetaobitelj.hr\/wp-content\/uploads\/2018\/06\/slika-300x300.jpg\" alt=\"\" width=\"300\" height=\"300\" srcset=\"https:\/\/svetaobitelj.hr\/wp-content\/uploads\/2018\/06\/slika-300x300.jpg 300w, https:\/\/svetaobitelj.hr\/wp-content\/uploads\/2018\/06\/slika-150x150.jpg 150w, https:\/\/svetaobitelj.hr\/wp-content\/uploads\/2018\/06\/slika-768x768.jpg 768w, https:\/\/svetaobitelj.hr\/wp-content\/uploads\/2018\/06\/slika-1024x1024.jpg 1024w, https:\/\/svetaobitelj.hr\/wp-content\/uploads\/2018\/06\/slika.jpg 1920w\" sizes=\"auto, (max-width: 300px) 100vw, 300px\" \/><\/p>\n","protected":false},"excerpt":{"rendered":"<p>Blagdan Tijelova proslavili smo redovitim svetim misama. Nakon ve\u010dernje mise procesijom smo obi\u0161li na\u0161u crkvu, te na taj na\u010din uveli\u010dali prisutnost na\u0161ega Spasitelja u presvetom oltarskom sakramentu. Zborovi, ministranti,\u010dita\u010di te djeca koja su bacala latice ru\u017ea uzvikuju\u0107i: &#8220;hvaljen i slavljen budi Isus&#8221; uz ostale vjernike \u010dinili smo \u017eupnu vjerni\u010dku zajednicu i svojim skromnim doprinosom i <a href=\"https:\/\/svetaobitelj.hr\/?p=379\" class=\"more-link\">[&hellip;]<\/a><\/p>\n","protected":false},"author":2,"featured_media":0,"comment_status":"closed","ping_status":"closed","sticky":false,"template":"","format":"standard","meta":{"footnotes":""},"categories":[3],"tags":[],"class_list":["entry","author-","post-379","post","type-post","status-publish","format-standard","category-zupa"],"_links":{"self":[{"href":"https:\/\/svetaobitelj.hr\/index.php?rest_route=\/wp\/v2\/posts\/379","targetHints":{"allow":["GET"]}}],"collection":[{"href":"https:\/\/svetaobitelj.hr\/index.php?rest_route=\/wp\/v2\/posts"}],"about":[{"href":"https:\/\/svetaobitelj.hr\/index.php?rest_route=\/wp\/v2\/types\/post"}],"author":[{"embeddable":true,"href":"https:\/\/svetaobitelj.hr\/index.php?rest_route=\/wp\/v2\/users\/2"}],"replies":[{"embeddable":true,"href":"https:\/\/svetaobitelj.hr\/index.php?rest_route=%2Fwp%2Fv2%2Fcomments&post=379"}],"version-history":[{"count":1,"href":"https:\/\/svetaobitelj.hr\/index.php?rest_route=\/wp\/v2\/posts\/379\/revisions"}],"predecessor-version":[{"id":381,"href":"https:\/\/svetaobitelj.hr\/index.php?rest_route=\/wp\/v2\/posts\/379\/revisions\/381"}],"wp:attachment":[{"href":"https:\/\/svetaobitelj.hr\/index.php?rest_route=%2Fwp%2Fv2%2Fmedia&parent=379"}],"wp:term":[{"taxonomy":"category","embeddable":true,"href":"https:\/\/svetaobitelj.hr\/index.php?rest_route=%2Fwp%2Fv2%2Fcategories&post=379"},{"taxonomy":"post_tag","embeddable":true,"href":"https:\/\/svetaobitelj.hr\/index.php?rest_route=%2Fwp%2Fv2%2Ftags&post=379"}],"curies":[{"name":"wp","href":"https:\/\/api.w.org\/{rel}","templated":true}]}}