{"id":3776,"date":"2025-06-26T08:48:06","date_gmt":"2025-06-26T07:48:06","guid":{"rendered":"https:\/\/svetaobitelj.hr\/?p=3776"},"modified":"2025-06-26T08:48:06","modified_gmt":"2025-06-26T07:48:06","slug":"zupne-obavijesti-sveti-petar-i-pavao","status":"publish","type":"post","link":"https:\/\/svetaobitelj.hr\/?p=3776","title":{"rendered":"\u017dupne obavijesti: sveti Petar i Pavao"},"content":{"rendered":"\n<p>Slavimo svetkovinu sv. Petra i Pavla, a ujedno je trinaesta nedjelja kroz godinu. Danas je Jubilejsko hodo\u010da\u0161\u0107e u Konkatedralu u Osijeku. Molitveni po\u010detak je ispred Konkatedrale u 18:00 sati, nakon \u010dega slijedi sve\u010dani ulazak u Konkatedralu gdje \u0107e biti sveta misa u 18:30 sati koju predslavi mons. Laslzo Felf\u00f6ldi, pe\u010du\u0161ki biskup. Na kraju euharistijskoga slavlja uslijedit \u0107e zajedni\u010dka molitva svih okupljenih biskupa, sve\u0107enika i vjernika laika za dobivanje potpunoga oprosta u Svetoj jubilejskoj godini. Zbog toga slavlja ne\u0107e biti ve\u010dernjih svetih misa u osje\u010dkim \u017eupama.<\/p>\n\n\n\n<p>U \u010detvrtak je nakon ve\u010dernje svete mise klanjanje pred Presvetim.<\/p>\n\n\n\n<p>U subotu slavimo sv. \u0106irila i Metoda, za\u0161titnike na\u0161e Hrvatske franjeva\u010dke provincije sv. \u0106irila i Metoda sa sjedi\u0161tem u Zagrebu. Svete mise su u 7:30 i 18:30 sati. Pod ve\u010dernjom svetom misom molimo za duhovna zvanja budu\u0107i da je prva subota u mjesecu.<\/p>\n\n\n\n<p>Sljede\u0107e nedjelje slavimo \u010detrnaestu nedjelju kroz godinu. Ujedno je prva nedjelja u mjesecu kada se svojim molitvama i nov\u010danim prilozima sje\u0107amo na\u0161ih odgojnih ustanova \u2013 sjemeni\u0161ta te molimo za duhovna zvanja. Pod jutarnjom svetom misom molit \u0107emo za dobro\u010dinitelje na\u0161e crkve i samostana. Prije ve\u010dernje svete mise pobo\u017eno\u0161\u0107u zapo\u010dinjemo trodnevnicu na \u010dast bl. Marije Petkovi\u0107.<\/p>\n\n\n\n<p>U gornjem dijelu crkve promijenjena je rasvjeta. Tko \u017eeli, mo\u017ee nov\u010dano pomo\u0107i, a ujedno zahvaljujem vama koji ste to ve\u0107 u\u010dinili.<\/p>\n\n\n\n<p>Zahvalni za va\u0161u pomo\u0107 kojom poma\u017eete obnovu na\u0161ih crkava i samostana nastradalih u potresima, preporu\u010damo se i nadalje va\u0161oj dobroti. Svoj nov\u010dani prilog mo\u017eete dati u posebno ozna\u010denu \u0161krabicu pri izlazu iz crkve ili u \u017eupni ured ili direktno uplatiti na ra\u010dun koji se nalazi na letku.<\/p>\n\n\n\n<p>U tijeku je nacionalni projekt hrvatskoga Caritasa Spasi kunu od propasti, daruj je za 1000 radosti. Pozvani smo da darujemo neiskori\u0161tene kovanice kuna i lipa i na taj na\u010din pomognemo ovoj akciji za pomo\u0107 siroma\u0161nima na podru\u010dju Republike Hrvatske. Kovanice mo\u017eete donijeti u \u017eupni ured koje \u0107emo tada proslijediti preko nadbiskupijskog Caritasa u nacionalni. Svoje kovanice mo\u017eete dati i u po\u0161tanskom uredu, Opatijska 26f, koji je na teritoriju na\u0161e \u017eupe.<\/p>\n\n\n\n<p>Molim sve vas koji jo\u0161 nemate \u017eupnu obiteljsku knji\u017eicu ili je potrebno upisati promjene u postoje\u0107e, da se javite u \u017eupni ured.<\/p>\n\n\n\n<p>Kupujte i \u010ditajte katoli\u010dki vjerski tisak.<\/p>\n","protected":false},"excerpt":{"rendered":"<p>Slavimo svetkovinu sv. Petra i Pavla, a ujedno je trinaesta nedjelja kroz godinu. Danas je Jubilejsko hodo\u010da\u0161\u0107e u Konkatedralu u Osijeku. Molitveni po\u010detak je ispred Konkatedrale u 18:00 sati, nakon \u010dega slijedi sve\u010dani ulazak u Konkatedralu gdje \u0107e biti sveta misa u 18:30 sati koju predslavi mons. Laslzo Felf\u00f6ldi, pe\u010du\u0161ki biskup. Na kraju euharistijskoga slavlja <a href=\"https:\/\/svetaobitelj.hr\/?p=3776\" class=\"more-link\">[&hellip;]<\/a><\/p>\n","protected":false},"author":2,"featured_media":0,"comment_status":"closed","ping_status":"open","sticky":false,"template":"","format":"standard","meta":{"footnotes":""},"categories":[3],"tags":[],"class_list":["entry","author-","post-3776","post","type-post","status-publish","format-standard","category-zupa"],"_links":{"self":[{"href":"https:\/\/svetaobitelj.hr\/index.php?rest_route=\/wp\/v2\/posts\/3776","targetHints":{"allow":["GET"]}}],"collection":[{"href":"https:\/\/svetaobitelj.hr\/index.php?rest_route=\/wp\/v2\/posts"}],"about":[{"href":"https:\/\/svetaobitelj.hr\/index.php?rest_route=\/wp\/v2\/types\/post"}],"author":[{"embeddable":true,"href":"https:\/\/svetaobitelj.hr\/index.php?rest_route=\/wp\/v2\/users\/2"}],"replies":[{"embeddable":true,"href":"https:\/\/svetaobitelj.hr\/index.php?rest_route=%2Fwp%2Fv2%2Fcomments&post=3776"}],"version-history":[{"count":1,"href":"https:\/\/svetaobitelj.hr\/index.php?rest_route=\/wp\/v2\/posts\/3776\/revisions"}],"predecessor-version":[{"id":3777,"href":"https:\/\/svetaobitelj.hr\/index.php?rest_route=\/wp\/v2\/posts\/3776\/revisions\/3777"}],"wp:attachment":[{"href":"https:\/\/svetaobitelj.hr\/index.php?rest_route=%2Fwp%2Fv2%2Fmedia&parent=3776"}],"wp:term":[{"taxonomy":"category","embeddable":true,"href":"https:\/\/svetaobitelj.hr\/index.php?rest_route=%2Fwp%2Fv2%2Fcategories&post=3776"},{"taxonomy":"post_tag","embeddable":true,"href":"https:\/\/svetaobitelj.hr\/index.php?rest_route=%2Fwp%2Fv2%2Ftags&post=3776"}],"curies":[{"name":"wp","href":"https:\/\/api.w.org\/{rel}","templated":true}]}}