{"id":3766,"date":"2025-06-20T20:26:11","date_gmt":"2025-06-20T19:26:11","guid":{"rendered":"http:\/\/svetaobitelj.hr\/?p=3766"},"modified":"2025-06-20T20:26:11","modified_gmt":"2025-06-20T19:26:11","slug":"zupne-obavijesti-12-nedjelja-kroz-godinu-7","status":"publish","type":"post","link":"https:\/\/svetaobitelj.hr\/?p=3766","title":{"rendered":"\u017dupne obavijesti: 12. nedjelja kroz godinu"},"content":{"rendered":"\n<p>Slavimo dvanaestu nedjelju kroz godinu. Gosti na\u0161e \u017eupe su misionarka s. Slavka Bogdan sa Salomonskih Otoka i pre\u010d. Matija Pavlakovi\u0107 iz Zagreba\u010dke nadbiskupije, rektor sjemeni\u0161ta na \u0160alati u Zagrebu. Svoj nov\u010dani prilog za misije mo\u017eete dati na izlazu iz crkve.<\/p>\n\n\n\n<p>U utorak slavimo svetkovinu Ro\u0111enja sv. Ivana Krstitelja. Svete mise su u 7:30 i 18:30 sati.<\/p>\n\n\n\n<p>U petak slavimo svetkovinu Presvetog Srca Isusova. Svete mise su u na\u0161oj \u017eupi u 7:30 i 18:30 sati. Na oglasnoj plo\u010di imate raspored slavlja kod isusovaca.<\/p>\n\n\n\n<p>U subotu slavimo spomendan Bezgre\u0161noga Srca Marijina. Svete mise su u 7:30 i 18:30 sati.<\/p>\n\n\n\n<p>Sljede\u0107e nedjelje slavimo trinaestu nedjelju kroz godinu. Jubilejsko hodo\u010da\u0161\u0107e u Konkatedralu u Osijeku bit \u0107e sljede\u0107e nedjelje kada slavimo svetkovinu sv. Petra i Pavla. Molitveni po\u010detak je ispred Konkatedrale u 18:00 sati, nakon \u010dega slijedi sve\u010dani ulazak u Konkatedralu gdje \u0107e biti sveta misa u 18:30 sati koju predslavi mons. Laslzo Felf\u00f6ldi, pe\u010du\u0161ki biskup. Na kraju euharistijskoga slavlja uslijedit \u0107e zajedni\u010dka molitva svih okupljenih biskupa, sve\u0107enika i vjernika laika za dobivanje potpunoga oprosta u Svetoj jubilejskoj godini. Zbog toga slavlja sljede\u0107e nedjelje ne\u0107e biti ve\u010dernje svete mise u na\u0161oj \u017eupnoj crkvi.<\/p>\n\n\n\n<p>U gornjem dijelu crkve promijenjena je rasvjeta. Tko \u017eeli, mo\u017ee nov\u010dano pomo\u0107i, a ujedno zahvaljujem vama koji ste to ve\u0107 u\u010dinili.<\/p>\n\n\n\n<p>Podsje\u0107am prijavljene za hodo\u010da\u0161\u0107e u Rim da uplate tre\u0107u ratu do kraja ovoga mjeseca.<\/p>\n\n\n\n<p>Zahvalni za va\u0161u pomo\u0107 kojom poma\u017eete obnovu na\u0161ih crkava i samostana nastradalih u potresima, preporu\u010damo se i nadalje va\u0161oj dobroti. Svoj nov\u010dani prilog mo\u017eete dati u posebno ozna\u010denu \u0161krabicu pri izlazu iz crkve ili u \u017eupni ured ili direktno uplatiti na ra\u010dun koji se nalazi na letku.<\/p>\n\n\n\n<p>U tijeku je nacionalni projekt hrvatskoga Caritasa Spasi kunu od propasti, daruj je za 1000 radosti. Pozvani smo da darujemo neiskori\u0161tene kovanice kuna i lipa i na taj na\u010din pomognemo ovoj akciji za pomo\u0107 siroma\u0161nima na podru\u010dju Republike Hrvatske. Kovanice mo\u017eete donijeti u \u017eupni ured koje \u0107emo tada proslijediti preko nadbiskupijskog Caritasa u nacionalni. Svoje kovanice mo\u017eete dati i u po\u0161tanskom uredu, Opatijska 26f, koji je na teritoriju na\u0161e \u017eupe.<\/p>\n\n\n\n<p>Molim sve vas koji jo\u0161 nemate \u017eupnu obiteljsku knji\u017eicu ili je potrebno upisati promjene u postoje\u0107e, da se javite u \u017eupni ured.<\/p>\n\n\n\n<p>Kupujte i \u010ditajte katoli\u010dki vjerski tisak.<\/p>\n","protected":false},"excerpt":{"rendered":"<p>Slavimo dvanaestu nedjelju kroz godinu. Gosti na\u0161e \u017eupe su misionarka s. Slavka Bogdan sa Salomonskih Otoka i pre\u010d. Matija Pavlakovi\u0107 iz Zagreba\u010dke nadbiskupije, rektor sjemeni\u0161ta na \u0160alati u Zagrebu. Svoj nov\u010dani prilog za misije mo\u017eete dati na izlazu iz crkve. U utorak slavimo svetkovinu Ro\u0111enja sv. Ivana Krstitelja. Svete mise su u 7:30 i 18:30 <a href=\"https:\/\/svetaobitelj.hr\/?p=3766\" class=\"more-link\">[&hellip;]<\/a><\/p>\n","protected":false},"author":2,"featured_media":0,"comment_status":"closed","ping_status":"open","sticky":false,"template":"","format":"standard","meta":{"footnotes":""},"categories":[3],"tags":[],"class_list":["entry","author-","post-3766","post","type-post","status-publish","format-standard","category-zupa"],"_links":{"self":[{"href":"https:\/\/svetaobitelj.hr\/index.php?rest_route=\/wp\/v2\/posts\/3766","targetHints":{"allow":["GET"]}}],"collection":[{"href":"https:\/\/svetaobitelj.hr\/index.php?rest_route=\/wp\/v2\/posts"}],"about":[{"href":"https:\/\/svetaobitelj.hr\/index.php?rest_route=\/wp\/v2\/types\/post"}],"author":[{"embeddable":true,"href":"https:\/\/svetaobitelj.hr\/index.php?rest_route=\/wp\/v2\/users\/2"}],"replies":[{"embeddable":true,"href":"https:\/\/svetaobitelj.hr\/index.php?rest_route=%2Fwp%2Fv2%2Fcomments&post=3766"}],"version-history":[{"count":1,"href":"https:\/\/svetaobitelj.hr\/index.php?rest_route=\/wp\/v2\/posts\/3766\/revisions"}],"predecessor-version":[{"id":3767,"href":"https:\/\/svetaobitelj.hr\/index.php?rest_route=\/wp\/v2\/posts\/3766\/revisions\/3767"}],"wp:attachment":[{"href":"https:\/\/svetaobitelj.hr\/index.php?rest_route=%2Fwp%2Fv2%2Fmedia&parent=3766"}],"wp:term":[{"taxonomy":"category","embeddable":true,"href":"https:\/\/svetaobitelj.hr\/index.php?rest_route=%2Fwp%2Fv2%2Fcategories&post=3766"},{"taxonomy":"post_tag","embeddable":true,"href":"https:\/\/svetaobitelj.hr\/index.php?rest_route=%2Fwp%2Fv2%2Ftags&post=3766"}],"curies":[{"name":"wp","href":"https:\/\/api.w.org\/{rel}","templated":true}]}}