{"id":3753,"date":"2025-06-14T19:13:34","date_gmt":"2025-06-14T18:13:34","guid":{"rendered":"http:\/\/svetaobitelj.hr\/?p=3753"},"modified":"2025-06-14T19:13:35","modified_gmt":"2025-06-14T18:13:35","slug":"zupne-obavijesti-presveto-trojstvo-8","status":"publish","type":"post","link":"https:\/\/svetaobitelj.hr\/?p=3753","title":{"rendered":"\u017dupne obavijesti: Presveto Trojstvo"},"content":{"rendered":"\n<p>Slavimo Presveto Trojstvo. Zahvaljujem svima koji ste darovali za na\u0161e ministrante. U utorak ne\u0107u uredovati u \u017eupnom uredu. U \u010detvrtak je zapovijedani blagdan Presvetoga Tijela i Krvi Kristove \u2013 Tijelovo. Svete mise su prema nedjeljnom rasporedu u 7:00, 10:00 i 18:30 sati. Nakon ve\u010dernje svete mise bit \u0107e procesija s Presvetim oko na\u0161e crkve. U subotu \u0107e biti prezbitersko re\u0111enje u Zagrebu u sjemeni\u0161noj crkvi Presvetoga Srca Isusova na zagreba\u010dkoj \u0160alati, s po\u010detkom u 10:00 sati. Zare\u0111ena \u0107e biti dvojica na\u0161e bra\u0107e, fra Antonio Tkalac iz Mi\u010devca i fra Davor Pali\u0107 iz Zagreba. Zareditelj je mons. Dra\u017een Kutle\u0161a, nadbiskup zagreba\u010dki.<\/p>\n\n\n\n<p>Sljede\u0107e nedjelje slavimo dvanaestu nedjelju kroz godinu. Gosti na\u0161e \u017eupe bit \u0107e misionarka s. Slavka Bogdan sa Salomonskih Otoka i pre\u010d. Matija Pavlakovi\u0107 iz Zagreba\u010dke nadbiskupije koji \u0107e biti na svetim misama u 7:00 i u 10:00 sati. Govorit \u0107e o misijskom djelovanju. Svoj nov\u010dani prilog za misije mo\u0107i \u0107ete dati nakon svetih misa, a tko \u017eeli mo\u017ee darovati tijekom ovoga tjedna i u \u017eupnom uredu.<\/p>\n\n\n\n<p>Jubilejsko hodo\u010da\u0161\u0107e u na\u0161u Konkatedralu u Osijeku bit \u0107e na svetkovinu sv. Petra i Pavla, 29. lipnja ove godine. Molitveni po\u010detak je ispred Konkatedrale u 18:00 sati, nakon \u010dega slijedi sve\u010dani ulazak u Konkatedralu gdje \u0107e biti sveta misa u 18:30 sati koju predslavi mons. Laslzo Felf\u00f6ldi, pe\u010du\u0161ki biskup. Na kraju euharistijskoga slavlja uslijedit \u0107e zajedni\u010dka molitva svih okupljenih biskupa, sve\u0107enika i vjernika laika za dobivanje potpunoga oprosta u Svetoj jubilejskoj godini. Zbog toga slavlja ne\u0107e biti ve\u010dernje svete mise toga dana u na\u0161oj \u017eupnoj crkvi.<\/p>\n\n\n\n<p>U gornjem dijelu crkve promijenjena je rasvjeta. Tko \u017eeli, mo\u017ee nov\u010dano pomo\u0107i, a ujedno zahvaljujem vama koji ste to ve\u0107 u\u010dinili. Podsje\u0107am prijavljene za hodo\u010da\u0161\u0107e u Rim da uplate tre\u0107u ratu do kraja ovoga mjeseca.<\/p>\n\n\n\n<p>Zahvalni za va\u0161u pomo\u0107 kojom poma\u017eete obnovu na\u0161ih crkava i samostana nastradalih u potresima, preporu\u010damo se i nadalje va\u0161oj dobroti. Svoj nov\u010dani prilog mo\u017eete dati u posebno ozna\u010denu \u0161krabicu pri izlazu iz crkve ili u \u017eupni ured ili direktno uplatiti na ra\u010dun koji se nalazi na letku.<\/p>\n\n\n\n<p>U tijeku je nacionalni projekt hrvatskoga Caritasa Spasi kunu od propasti, daruj je za 1000 radosti. Pozvani smo da darujemo neiskori\u0161tene kovanice kuna i lipa i na taj na\u010din pomognemo ovoj akciji za pomo\u0107 siroma\u0161nima na podru\u010dju Republike Hrvatske. Kovanice mo\u017eete donijeti u \u017eupni ured koje \u0107emo tada proslijediti preko nadbiskupijskog Caritasa u nacionalni. Svoje kovanice mo\u017eete dati i u po\u0161tanskom uredu, Opatijska 26f, koji je na teritoriju na\u0161e \u017eupe.<\/p>\n\n\n\n<p>Molim sve vas koji jo\u0161 nemate \u017eupnu obiteljsku knji\u017eicu ili je potrebno upisati promjene u postoje\u0107e, da se javite u \u017eupni ured.<\/p>\n\n\n\n<p>Kupujte i \u010ditajte katoli\u010dki vjerski tisak.<\/p>\n","protected":false},"excerpt":{"rendered":"<p>Slavimo Presveto Trojstvo. Zahvaljujem svima koji ste darovali za na\u0161e ministrante. U utorak ne\u0107u uredovati u \u017eupnom uredu. U \u010detvrtak je zapovijedani blagdan Presvetoga Tijela i Krvi Kristove \u2013 Tijelovo. Svete mise su prema nedjeljnom rasporedu u 7:00, 10:00 i 18:30 sati. Nakon ve\u010dernje svete mise bit \u0107e procesija s Presvetim oko na\u0161e crkve. U <a href=\"https:\/\/svetaobitelj.hr\/?p=3753\" class=\"more-link\">[&hellip;]<\/a><\/p>\n","protected":false},"author":2,"featured_media":0,"comment_status":"closed","ping_status":"open","sticky":false,"template":"","format":"standard","meta":{"footnotes":""},"categories":[3],"tags":[],"class_list":["entry","author-","post-3753","post","type-post","status-publish","format-standard","category-zupa"],"_links":{"self":[{"href":"https:\/\/svetaobitelj.hr\/index.php?rest_route=\/wp\/v2\/posts\/3753","targetHints":{"allow":["GET"]}}],"collection":[{"href":"https:\/\/svetaobitelj.hr\/index.php?rest_route=\/wp\/v2\/posts"}],"about":[{"href":"https:\/\/svetaobitelj.hr\/index.php?rest_route=\/wp\/v2\/types\/post"}],"author":[{"embeddable":true,"href":"https:\/\/svetaobitelj.hr\/index.php?rest_route=\/wp\/v2\/users\/2"}],"replies":[{"embeddable":true,"href":"https:\/\/svetaobitelj.hr\/index.php?rest_route=%2Fwp%2Fv2%2Fcomments&post=3753"}],"version-history":[{"count":3,"href":"https:\/\/svetaobitelj.hr\/index.php?rest_route=\/wp\/v2\/posts\/3753\/revisions"}],"predecessor-version":[{"id":3756,"href":"https:\/\/svetaobitelj.hr\/index.php?rest_route=\/wp\/v2\/posts\/3753\/revisions\/3756"}],"wp:attachment":[{"href":"https:\/\/svetaobitelj.hr\/index.php?rest_route=%2Fwp%2Fv2%2Fmedia&parent=3753"}],"wp:term":[{"taxonomy":"category","embeddable":true,"href":"https:\/\/svetaobitelj.hr\/index.php?rest_route=%2Fwp%2Fv2%2Fcategories&post=3753"},{"taxonomy":"post_tag","embeddable":true,"href":"https:\/\/svetaobitelj.hr\/index.php?rest_route=%2Fwp%2Fv2%2Ftags&post=3753"}],"curies":[{"name":"wp","href":"https:\/\/api.w.org\/{rel}","templated":true}]}}