{"id":3731,"date":"2025-05-10T19:04:54","date_gmt":"2025-05-10T18:04:54","guid":{"rendered":"http:\/\/svetaobitelj.hr\/?p=3731"},"modified":"2025-05-10T19:04:54","modified_gmt":"2025-05-10T18:04:54","slug":"zupne-obavijesti-4-vazmena-nedjelja-6","status":"publish","type":"post","link":"https:\/\/svetaobitelj.hr\/?p=3731","title":{"rendered":"\u017dupne obavijesti: 4. vazmena nedjelja"},"content":{"rendered":"\n<p>Slavimo \u010detvrtu vazmenu nedjelju. U zahvalnoj smo molitvi za izbor novoga pape, Lava XIV.. Nedjelja je Dobroga Pastira kada na poseban na\u010din molimo za duhovna zvanja. Druga je nedjelja u svibnju kada slavimo Maj\u010din dan, a u na\u0161oj je \u017eupi godi\u0161nje klanjanje pred Presvetim. Crkva \u0107e biti otvorena od 16:00 sati kada \u0107e biti izlo\u017eeno Presveto za osobno klanjanje. Zajedni\u010dki zavr\u0161etak klanjanja bit \u0107e od 17:30 sati. U 18:15 je svibanjska pobo\u017enost. U tijeku su svibanjske pobo\u017enosti.<\/p>\n\n\n\n<p>U utorak je u 18:15 pobo\u017enost na \u010dast sv. Antunu Padovanskom.<\/p>\n\n\n\n<p>U srijedu je redoviti sastanak na\u0161ih \u017eupnih vije\u0107a u 19:30 sati.<\/p>\n\n\n\n<p>U \u010detvrtak pod ve\u010dernjom svetom misom molimo za stradalnike Bleiburga i Kri\u017enoga puta nakon Drugoga svjetskog rata.<\/p>\n\n\n\n<p>Sljede\u0107e nedjelje slavimo petu vazmenu nedjelju. Toga dana bit \u0107e sredi\u0161nja proslava 125. obljetnice posvete osje\u010dke konkatedrale sv. Petra i Pavla pod svetom misom u 18:30 sati koju \u0107e predslaviti na\u0161 nadbiskup mons. \u0110uro Hrani\u0107. Isti dan su i lokalni izbori u na\u0161oj Domovini.<\/p>\n\n\n\n<p>U subotu, 31. svibnja ove godine, hodo\u010da\u0161\u0107e je obitelji osje\u010dkih dekanata aljma\u0161koj Gospi od Uto\u010di\u0161ta. Misno slavlje u sveti\u0161tu zapo\u010dinje u 19:00 sati, a nakon mise bit \u0107e procesija do Gospe pod Lipom gdje \u0107e biti zavr\u0161etak marijanskom pobo\u017eno\u0161\u0107u. Toga dana ne\u0107e biti ve\u010dernje svete mise u na\u0161oj \u017eupi.<\/p>\n\n\n\n<p>Zahvalni za va\u0161u pomo\u0107 kojom poma\u017eete obnovu na\u0161ih crkava i samostana nastradalih u potresima, preporu\u010damo se i nadalje va\u0161oj dobroti. Svoj nov\u010dani prilog mo\u017eete dati u posebno ozna\u010denu \u0161krabicu pri izlazu iz crkve ili u \u017eupni ured ili direktno uplatiti na ra\u010dun koji se nalazi na letku.<\/p>\n\n\n\n<p>U tijeku je nacionalni projekt hrvatskoga Caritasa Spasi kunu od propasti, daruj je za 1000 radosti. Pozvani smo da darujemo neiskori\u0161tene kovanice kuna i lipa i na taj na\u010din pomognemo ovoj akciji za pomo\u0107 siroma\u0161nima na podru\u010dju Republike Hrvatske. Kovanice mo\u017eete donijeti u \u017eupni ured koje \u0107emo tada proslijediti preko nadbiskupijskog Caritasa u nacionalni. Svoje kovanice mo\u017eete dati i u po\u0161tanskom uredu, Opatijska 26f, koji je na teritoriju na\u0161e \u017eupe.<\/p>\n\n\n\n<p>Molim sve vas koji jo\u0161 nemate \u017eupnu obiteljsku knji\u017eicu ili je potrebno upisati promjene u postoje\u0107e, da se javite u \u017eupni ured. <\/p>\n\n\n\n<p>Termini za svete mise popunjeni su do kraja godine.<\/p>\n\n\n\n<p>Kupujte i \u010ditajte katoli\u010dki vjerski tisak.<\/p>\n","protected":false},"excerpt":{"rendered":"<p>Slavimo \u010detvrtu vazmenu nedjelju. U zahvalnoj smo molitvi za izbor novoga pape, Lava XIV.. Nedjelja je Dobroga Pastira kada na poseban na\u010din molimo za duhovna zvanja. Druga je nedjelja u svibnju kada slavimo Maj\u010din dan, a u na\u0161oj je \u017eupi godi\u0161nje klanjanje pred Presvetim. Crkva \u0107e biti otvorena od 16:00 sati kada \u0107e biti izlo\u017eeno <a href=\"https:\/\/svetaobitelj.hr\/?p=3731\" class=\"more-link\">[&hellip;]<\/a><\/p>\n","protected":false},"author":2,"featured_media":0,"comment_status":"closed","ping_status":"open","sticky":false,"template":"","format":"standard","meta":{"footnotes":""},"categories":[3],"tags":[],"class_list":["entry","author-","post-3731","post","type-post","status-publish","format-standard","category-zupa"],"_links":{"self":[{"href":"https:\/\/svetaobitelj.hr\/index.php?rest_route=\/wp\/v2\/posts\/3731","targetHints":{"allow":["GET"]}}],"collection":[{"href":"https:\/\/svetaobitelj.hr\/index.php?rest_route=\/wp\/v2\/posts"}],"about":[{"href":"https:\/\/svetaobitelj.hr\/index.php?rest_route=\/wp\/v2\/types\/post"}],"author":[{"embeddable":true,"href":"https:\/\/svetaobitelj.hr\/index.php?rest_route=\/wp\/v2\/users\/2"}],"replies":[{"embeddable":true,"href":"https:\/\/svetaobitelj.hr\/index.php?rest_route=%2Fwp%2Fv2%2Fcomments&post=3731"}],"version-history":[{"count":2,"href":"https:\/\/svetaobitelj.hr\/index.php?rest_route=\/wp\/v2\/posts\/3731\/revisions"}],"predecessor-version":[{"id":3733,"href":"https:\/\/svetaobitelj.hr\/index.php?rest_route=\/wp\/v2\/posts\/3731\/revisions\/3733"}],"wp:attachment":[{"href":"https:\/\/svetaobitelj.hr\/index.php?rest_route=%2Fwp%2Fv2%2Fmedia&parent=3731"}],"wp:term":[{"taxonomy":"category","embeddable":true,"href":"https:\/\/svetaobitelj.hr\/index.php?rest_route=%2Fwp%2Fv2%2Fcategories&post=3731"},{"taxonomy":"post_tag","embeddable":true,"href":"https:\/\/svetaobitelj.hr\/index.php?rest_route=%2Fwp%2Fv2%2Ftags&post=3731"}],"curies":[{"name":"wp","href":"https:\/\/api.w.org\/{rel}","templated":true}]}}