{"id":373,"date":"2018-05-26T13:40:19","date_gmt":"2018-05-26T12:40:19","guid":{"rendered":"http:\/\/svetaobitelj.hr\/?p=373"},"modified":"2020-01-29T21:59:02","modified_gmt":"2020-01-29T20:59:02","slug":"zupne-obavijesti-presveto-trojstvo","status":"publish","type":"post","link":"https:\/\/svetaobitelj.hr\/?p=373","title":{"rendered":"\u017dupne obavijesti: Presveto Trojstvo"},"content":{"rendered":"<p>PRESVETO TROJSTVO<\/p>\n<p>27. svibnja 2018.<\/p>\n<p>1.\tDanas slavimo Presveto Trojstvo. Pod svetom misom u 11:00 sati pjeva \u017eenska klapa \u201eSozal\u201c sa Raba.<\/p>\n<p>2.\tSutra je biblijski sat nakon ve\u010dernje svete mise. <\/p>\n<p>3.\tU utorak je pobo\u017enost na \u010dast sv. Antunu Padovanskom u 18:15.<\/p>\n<p>4.\tU srijedu slavimo Dan gradske \u010detvrti, a pod svetom misom u 18:30 sati molimo za na\u0161u gradsku \u010detvrt.<\/p>\n<p>5.\tU \u010detvrtak slavimo zapovijedani blagdan Tijelovo kada su svete mise po nedjeljnom rasporedu. Tijelovska procesija oko na\u0161e crkve je nakon ve\u010dernje svete mise. Zavr\u0161avaju svibanjske pobo\u017enosti.<\/p>\n<p>6.\tU petak slavimo obljetnicu posvete na\u0161e crkve. Svete mise su u 7:30 i 18:30 sati. Ve\u010dernju svetu misu predslavit \u0107e na\u0161 gvardijan fra Ante Perkovi\u0107 iz samostana u Tvr\u0111i. Pobo\u017enost Srcu Isusovom je u 18:00 sati.<\/p>\n<p>7.\tU subotu je na\u0161e \u017eupno hodo\u010da\u0161\u0107e na Trsat. Prijave za hodo\u010da\u0161\u0107e su u \u017eupnom uredu. Cijena puta je 170 kn, a polazak \u0107e biti u 4:00 sata. Ne\u0107e biti klanjanja pred Presvetim.<\/p>\n<p>8.\tSljede\u0107e nedjelje slavimo devetu nedjelju kroz godinu. Ujedno je prva nedjelja u mjesecu kada se svojim molitvama i nov\u010danim prilozima sje\u0107amo na\u0161ih sjemeni\u0161ta te molimo za duhovna zvanja. Pod jutarnjom svetom misom molimo za dobro\u010dinitelje ove na\u0161e crkve i samostana.<\/p>\n<p>9.\tCaritas \u0110akova\u010dko-osje\u010dke nadbiskupije i Caritas biskupije Krk 13 godina sura\u0111uju na projektu &#8220;Ljetovanje u Martin\u0161\u0107ici na otoku Cresu za obitelji socijalno slabog statusa s podru\u010dja na\u0161e Nadbiskupije&#8221;. Zainteresirane obitelji neka se jave u \u017eupni ured radi daljnjih uputa.<\/p>\n<p>10.\tMolimo sve vas koji jo\u0161 nemate \u017eupnu knji\u017eicu ili je potrebno upisati promjene u postoje\u0107e, da se javite u \u017eupni ured.<\/p>\n<p>11.\tTre\u0107i nacionalni susret hrvatskih katoli\u010dkih obitelji bit \u0107e u Splitu i Solinu, 15. i 16. rujna ove godine. Radi bolje organizacije potrebno je \u0161to prije prijaviti se u \u017eupni ured. Mogu\u0107nost sudjelovanja na Susretu je da budemo sudionici dva dana pa vas molimo da se zainteresirani jave najkasnije do 9. lipnja ove godine kako bismo mogli na vrijeme organizirati prijevoz i no\u0107enje. Ostale informacije dobit \u0107ete u \u017eupnom uredu.<\/p>\n<p>12.\tKupujte i \u010ditajte vjerski tisak. <\/p>\n","protected":false},"excerpt":{"rendered":"<p>PRESVETO TROJSTVO 27. svibnja 2018. 1. Danas slavimo Presveto Trojstvo. Pod svetom misom u 11:00 sati pjeva \u017eenska klapa \u201eSozal\u201c sa Raba. 2. Sutra je biblijski sat nakon ve\u010dernje svete mise. 3. U utorak je pobo\u017enost na \u010dast sv. Antunu Padovanskom u 18:15. 4. U srijedu slavimo Dan gradske \u010detvrti, a pod svetom misom u <a href=\"https:\/\/svetaobitelj.hr\/?p=373\" class=\"more-link\">[&hellip;]<\/a><\/p>\n","protected":false},"author":2,"featured_media":0,"comment_status":"closed","ping_status":"closed","sticky":false,"template":"","format":"standard","meta":{"footnotes":""},"categories":[3],"tags":[],"class_list":["entry","author-","post-373","post","type-post","status-publish","format-standard","category-zupa"],"_links":{"self":[{"href":"https:\/\/svetaobitelj.hr\/index.php?rest_route=\/wp\/v2\/posts\/373","targetHints":{"allow":["GET"]}}],"collection":[{"href":"https:\/\/svetaobitelj.hr\/index.php?rest_route=\/wp\/v2\/posts"}],"about":[{"href":"https:\/\/svetaobitelj.hr\/index.php?rest_route=\/wp\/v2\/types\/post"}],"author":[{"embeddable":true,"href":"https:\/\/svetaobitelj.hr\/index.php?rest_route=\/wp\/v2\/users\/2"}],"replies":[{"embeddable":true,"href":"https:\/\/svetaobitelj.hr\/index.php?rest_route=%2Fwp%2Fv2%2Fcomments&post=373"}],"version-history":[{"count":1,"href":"https:\/\/svetaobitelj.hr\/index.php?rest_route=\/wp\/v2\/posts\/373\/revisions"}],"predecessor-version":[{"id":374,"href":"https:\/\/svetaobitelj.hr\/index.php?rest_route=\/wp\/v2\/posts\/373\/revisions\/374"}],"wp:attachment":[{"href":"https:\/\/svetaobitelj.hr\/index.php?rest_route=%2Fwp%2Fv2%2Fmedia&parent=373"}],"wp:term":[{"taxonomy":"category","embeddable":true,"href":"https:\/\/svetaobitelj.hr\/index.php?rest_route=%2Fwp%2Fv2%2Fcategories&post=373"},{"taxonomy":"post_tag","embeddable":true,"href":"https:\/\/svetaobitelj.hr\/index.php?rest_route=%2Fwp%2Fv2%2Ftags&post=373"}],"curies":[{"name":"wp","href":"https:\/\/api.w.org\/{rel}","templated":true}]}}