{"id":3725,"date":"2025-05-09T05:45:23","date_gmt":"2025-05-09T04:45:23","guid":{"rendered":"http:\/\/svetaobitelj.hr\/?p=3725"},"modified":"2025-05-09T05:45:24","modified_gmt":"2025-05-09T04:45:24","slug":"prva-pricest-i-sveta-potvrda","status":"publish","type":"post","link":"https:\/\/svetaobitelj.hr\/?p=3725","title":{"rendered":"Prva pri\u010dest i Sveta Potvrda"},"content":{"rendered":"\n<p>U subotu, 3. svibnja 2025. godine u na\u0161oj \u017eupi dvostruko se slavilo&#8230;<\/p>\n\n\n\n<div class=\"wp-block-image\"><figure class=\"aligncenter size-large\"><img loading=\"lazy\" decoding=\"async\" width=\"1024\" height=\"1024\" src=\"http:\/\/svetaobitelj.hr\/wp-content\/uploads\/2025\/05\/20250509_062726-1024x1024.jpg\" alt=\"\" class=\"wp-image-3726\" srcset=\"https:\/\/svetaobitelj.hr\/wp-content\/uploads\/2025\/05\/20250509_062726-1024x1024.jpg 1024w, https:\/\/svetaobitelj.hr\/wp-content\/uploads\/2025\/05\/20250509_062726-300x300.jpg 300w, https:\/\/svetaobitelj.hr\/wp-content\/uploads\/2025\/05\/20250509_062726-150x150.jpg 150w, https:\/\/svetaobitelj.hr\/wp-content\/uploads\/2025\/05\/20250509_062726-768x768.jpg 768w, https:\/\/svetaobitelj.hr\/wp-content\/uploads\/2025\/05\/20250509_062726-1536x1536.jpg 1536w, https:\/\/svetaobitelj.hr\/wp-content\/uploads\/2025\/05\/20250509_062726.jpg 1600w\" sizes=\"auto, (max-width: 1024px) 100vw, 1024px\" \/><\/figure><\/div>\n\n\n\n<p>Na svetoj misi u 10,00 sati prvu pri\u010dest primilo je 59 u\u010denika tre\u0107ih razreda osnovnih \u0161kola koje su na podru\u010dju na\u0161e \u017eupe.<\/p>\n\n\n\n<div class=\"wp-block-image\"><figure class=\"aligncenter size-large\"><img loading=\"lazy\" decoding=\"async\" width=\"1024\" height=\"1024\" src=\"http:\/\/svetaobitelj.hr\/wp-content\/uploads\/2025\/05\/20250509_062746-1024x1024.jpg\" alt=\"\" class=\"wp-image-3727\" srcset=\"https:\/\/svetaobitelj.hr\/wp-content\/uploads\/2025\/05\/20250509_062746-1024x1024.jpg 1024w, https:\/\/svetaobitelj.hr\/wp-content\/uploads\/2025\/05\/20250509_062746-300x300.jpg 300w, https:\/\/svetaobitelj.hr\/wp-content\/uploads\/2025\/05\/20250509_062746-150x150.jpg 150w, https:\/\/svetaobitelj.hr\/wp-content\/uploads\/2025\/05\/20250509_062746-768x768.jpg 768w, https:\/\/svetaobitelj.hr\/wp-content\/uploads\/2025\/05\/20250509_062746-1536x1536.jpg 1536w, https:\/\/svetaobitelj.hr\/wp-content\/uploads\/2025\/05\/20250509_062746.jpg 1600w\" sizes=\"auto, (max-width: 1024px) 100vw, 1024px\" \/><\/figure><\/div>\n\n\n\n<p>A na svetoj misi u 17,00 sati, krizmano je 56 krizmanika.<\/p>\n\n\n\n<div class=\"wp-block-image\"><figure class=\"aligncenter size-large\"><img loading=\"lazy\" decoding=\"async\" width=\"1024\" height=\"1024\" src=\"http:\/\/svetaobitelj.hr\/wp-content\/uploads\/2025\/05\/20250509_062805-1024x1024.jpg\" alt=\"\" class=\"wp-image-3728\" srcset=\"https:\/\/svetaobitelj.hr\/wp-content\/uploads\/2025\/05\/20250509_062805-1024x1024.jpg 1024w, https:\/\/svetaobitelj.hr\/wp-content\/uploads\/2025\/05\/20250509_062805-300x300.jpg 300w, https:\/\/svetaobitelj.hr\/wp-content\/uploads\/2025\/05\/20250509_062805-150x150.jpg 150w, https:\/\/svetaobitelj.hr\/wp-content\/uploads\/2025\/05\/20250509_062805-768x768.jpg 768w, https:\/\/svetaobitelj.hr\/wp-content\/uploads\/2025\/05\/20250509_062805-1536x1536.jpg 1536w, https:\/\/svetaobitelj.hr\/wp-content\/uploads\/2025\/05\/20250509_062805.jpg 1600w\" sizes=\"auto, (max-width: 1024px) 100vw, 1024px\" \/><\/figure><\/div>\n\n\n\n<p>Bilo je lijepo nazo\u010diti ovim slavljima&#8230; <\/p>\n\n\n\n<p>Dragi na\u0161i slavljenici, nikada nemojte zaboraviti da Bog hoda pred vama kao vodi\u010d, iza vas kao za\u0161titnik i pored vas kao prijatelj. Neka ste blagoslovljeni i za\u0161ti\u0107eni gdje god da krenete!<\/p>\n","protected":false},"excerpt":{"rendered":"<p>U subotu, 3. svibnja 2025. godine u na\u0161oj \u017eupi dvostruko se slavilo&#8230; Na svetoj misi u 10,00 sati prvu pri\u010dest primilo je 59 u\u010denika tre\u0107ih razreda osnovnih \u0161kola koje su na podru\u010dju na\u0161e \u017eupe. A na svetoj misi u 17,00 sati, krizmano je 56 krizmanika. Bilo je lijepo nazo\u010diti ovim slavljima&#8230; Dragi na\u0161i slavljenici, nikada <a href=\"https:\/\/svetaobitelj.hr\/?p=3725\" class=\"more-link\">[&hellip;]<\/a><\/p>\n","protected":false},"author":2,"featured_media":0,"comment_status":"closed","ping_status":"open","sticky":false,"template":"","format":"standard","meta":{"footnotes":""},"categories":[3],"tags":[],"class_list":["entry","author-","post-3725","post","type-post","status-publish","format-standard","category-zupa"],"_links":{"self":[{"href":"https:\/\/svetaobitelj.hr\/index.php?rest_route=\/wp\/v2\/posts\/3725","targetHints":{"allow":["GET"]}}],"collection":[{"href":"https:\/\/svetaobitelj.hr\/index.php?rest_route=\/wp\/v2\/posts"}],"about":[{"href":"https:\/\/svetaobitelj.hr\/index.php?rest_route=\/wp\/v2\/types\/post"}],"author":[{"embeddable":true,"href":"https:\/\/svetaobitelj.hr\/index.php?rest_route=\/wp\/v2\/users\/2"}],"replies":[{"embeddable":true,"href":"https:\/\/svetaobitelj.hr\/index.php?rest_route=%2Fwp%2Fv2%2Fcomments&post=3725"}],"version-history":[{"count":1,"href":"https:\/\/svetaobitelj.hr\/index.php?rest_route=\/wp\/v2\/posts\/3725\/revisions"}],"predecessor-version":[{"id":3729,"href":"https:\/\/svetaobitelj.hr\/index.php?rest_route=\/wp\/v2\/posts\/3725\/revisions\/3729"}],"wp:attachment":[{"href":"https:\/\/svetaobitelj.hr\/index.php?rest_route=%2Fwp%2Fv2%2Fmedia&parent=3725"}],"wp:term":[{"taxonomy":"category","embeddable":true,"href":"https:\/\/svetaobitelj.hr\/index.php?rest_route=%2Fwp%2Fv2%2Fcategories&post=3725"},{"taxonomy":"post_tag","embeddable":true,"href":"https:\/\/svetaobitelj.hr\/index.php?rest_route=%2Fwp%2Fv2%2Ftags&post=3725"}],"curies":[{"name":"wp","href":"https:\/\/api.w.org\/{rel}","templated":true}]}}