{"id":3670,"date":"2025-04-21T11:07:28","date_gmt":"2025-04-21T10:07:28","guid":{"rendered":"https:\/\/svetaobitelj.hr\/?p=3670"},"modified":"2025-04-21T11:07:29","modified_gmt":"2025-04-21T10:07:29","slug":"hvala-franjo","status":"publish","type":"post","link":"https:\/\/svetaobitelj.hr\/?p=3670","title":{"rendered":"Hvala Franjo!"},"content":{"rendered":"\n<p>Danas je u O\u010dev dom oti\u0161ao na\u0161 dragi papa Franjo! Hvala ti za slu\u017eenje Crkvi, za skromnost, poniznost i ljubav prema svemu stvorenome.<\/p>\n\n\n\n<figure class=\"wp-block-image size-large\"><img loading=\"lazy\" decoding=\"async\" width=\"846\" height=\"908\" src=\"https:\/\/svetaobitelj.hr\/wp-content\/uploads\/2025\/04\/1000054854-1.jpg\" alt=\"\" class=\"wp-image-3671\" srcset=\"https:\/\/svetaobitelj.hr\/wp-content\/uploads\/2025\/04\/1000054854-1.jpg 846w, https:\/\/svetaobitelj.hr\/wp-content\/uploads\/2025\/04\/1000054854-1-280x300.jpg 280w, https:\/\/svetaobitelj.hr\/wp-content\/uploads\/2025\/04\/1000054854-1-768x824.jpg 768w\" sizes=\"auto, (max-width: 846px) 100vw, 846px\" \/><\/figure>\n\n\n\n<p><\/p>\n\n\n\n<p>U Raj poveli te an\u0111eli, na dolasku tvome primili te mu\u010denici! I odveli te u sveti grad, nebeski Jeruzalem. Zbor an\u0111eoski te primio i ti s Lazarom, neko\u0107 ubogim, pokoj vje\u010dni imao\u2026<\/p>\n\n\n\n<figure class=\"wp-block-image size-large\"><img loading=\"lazy\" decoding=\"async\" width=\"1024\" height=\"1024\" src=\"https:\/\/svetaobitelj.hr\/wp-content\/uploads\/2025\/04\/1000054900-1024x1024.jpg\" alt=\"\" class=\"wp-image-3672\" srcset=\"https:\/\/svetaobitelj.hr\/wp-content\/uploads\/2025\/04\/1000054900-1024x1024.jpg 1024w, https:\/\/svetaobitelj.hr\/wp-content\/uploads\/2025\/04\/1000054900-300x300.jpg 300w, https:\/\/svetaobitelj.hr\/wp-content\/uploads\/2025\/04\/1000054900-150x150.jpg 150w, https:\/\/svetaobitelj.hr\/wp-content\/uploads\/2025\/04\/1000054900-768x768.jpg 768w, https:\/\/svetaobitelj.hr\/wp-content\/uploads\/2025\/04\/1000054900.jpg 1080w\" sizes=\"auto, (max-width: 1024px) 100vw, 1024px\" \/><\/figure>\n\n\n\n<p>Sve je ovdje, sve \u0161to treba \u010diniti u \u017eivotu \u2013 slu\u0161ati Njega. Slu\u0161ajte Isusa \u2013 u Njemu je svaka tajna.\u201d (papa Franjo, Svjetski dan mladih 2023.)<\/p>\n","protected":false},"excerpt":{"rendered":"<p>Danas je u O\u010dev dom oti\u0161ao na\u0161 dragi papa Franjo! Hvala ti za slu\u017eenje Crkvi, za skromnost, poniznost i ljubav prema svemu stvorenome. U Raj poveli te an\u0111eli, na dolasku tvome primili te mu\u010denici! I odveli te u sveti grad, nebeski Jeruzalem. Zbor an\u0111eoski te primio i ti s Lazarom, neko\u0107 ubogim, pokoj vje\u010dni imao\u2026 <a href=\"https:\/\/svetaobitelj.hr\/?p=3670\" class=\"more-link\">[&hellip;]<\/a><\/p>\n","protected":false},"author":2,"featured_media":0,"comment_status":"closed","ping_status":"open","sticky":false,"template":"","format":"standard","meta":{"footnotes":""},"categories":[3],"tags":[],"class_list":["entry","author-","post-3670","post","type-post","status-publish","format-standard","category-zupa"],"_links":{"self":[{"href":"https:\/\/svetaobitelj.hr\/index.php?rest_route=\/wp\/v2\/posts\/3670","targetHints":{"allow":["GET"]}}],"collection":[{"href":"https:\/\/svetaobitelj.hr\/index.php?rest_route=\/wp\/v2\/posts"}],"about":[{"href":"https:\/\/svetaobitelj.hr\/index.php?rest_route=\/wp\/v2\/types\/post"}],"author":[{"embeddable":true,"href":"https:\/\/svetaobitelj.hr\/index.php?rest_route=\/wp\/v2\/users\/2"}],"replies":[{"embeddable":true,"href":"https:\/\/svetaobitelj.hr\/index.php?rest_route=%2Fwp%2Fv2%2Fcomments&post=3670"}],"version-history":[{"count":1,"href":"https:\/\/svetaobitelj.hr\/index.php?rest_route=\/wp\/v2\/posts\/3670\/revisions"}],"predecessor-version":[{"id":3673,"href":"https:\/\/svetaobitelj.hr\/index.php?rest_route=\/wp\/v2\/posts\/3670\/revisions\/3673"}],"wp:attachment":[{"href":"https:\/\/svetaobitelj.hr\/index.php?rest_route=%2Fwp%2Fv2%2Fmedia&parent=3670"}],"wp:term":[{"taxonomy":"category","embeddable":true,"href":"https:\/\/svetaobitelj.hr\/index.php?rest_route=%2Fwp%2Fv2%2Fcategories&post=3670"},{"taxonomy":"post_tag","embeddable":true,"href":"https:\/\/svetaobitelj.hr\/index.php?rest_route=%2Fwp%2Fv2%2Ftags&post=3670"}],"curies":[{"name":"wp","href":"https:\/\/api.w.org\/{rel}","templated":true}]}}