{"id":3664,"date":"2025-04-19T06:48:27","date_gmt":"2025-04-19T05:48:27","guid":{"rendered":"https:\/\/svetaobitelj.hr\/?p=3664"},"modified":"2025-04-19T06:48:27","modified_gmt":"2025-04-19T05:48:27","slug":"zupne-obavijesti-nedjelja-uskrsnuca-gospodinova-vazam-2","status":"publish","type":"post","link":"https:\/\/svetaobitelj.hr\/?p=3664","title":{"rendered":"\u017dupne obavijesti: Nedjelja uskrsnu\u0107a Gospodinova \u2013 Vazam &#8211;"},"content":{"rendered":"\n<p>Slavimo Nedjelju uskrsnu\u0107a Gospodinova \u2013 Vazam ili Uskrs. Svima vama i va\u0161ima najiskrenije \u017eelim sretan i blagoslovljen Uskrs. Nakon svetih misa skupljamo nov\u010dane priloge za \u201ePetrov nov\u010di\u0107\u201c \u010dime poma\u017eemo djelovanju Svete Stolice u Rimu. Svoj nov\u010dani dar mo\u017eete dati na izlazu iz crkve. Zahvala svima vama koji ste darovali za Caritas. Do srijede skupljamo pisanice i \u010dokolade za Pu\u010dku kuhinju.<\/p>\n\n\n\n<p>Sutra je drugi dan Vazmene osmine, Vazmeni ponedjeljak. Svete mise su prema nedjeljnom rasporedu u 7:00, 10:00 i 18:30 sati.<\/p>\n\n\n\n<p>Zbog pomanjkanja duhovnih zvanja, u utorak Franjeva\u010dka provincija sv. Jeronima u Dalmaciji i Istri sa sjedi\u0161tem u Zadru postaje Kustodijom ovisnom o na\u0161oj Hrvatskoj franjeva\u010dkoj provinciji sv. \u0106irila i Metoda. Ova Provincija ima sedam stolje\u0107a dugu povijest koja je i najstarija franjeva\u010dka provincija na hrvatskom prostoru. Gvardijan iz njihovog zadarskog samostana postao je prvi papa franjevac, papa Nikola IV. u 13. stolje\u0107u. Iz te Provincije potje\u010du bl. Jakov Zadranin, fra Ivo Peran, skladatelj poznate tzv. Peranove mise koja se najvi\u0161e pjeva u puku, fra Bernardin \u0160kunca i brojni drugi eruditi, teolozi i mistici. Devetorica franjevaca te Provincije su ubijeni kao \u017ertve komunista nakon Drugoga svjetskog rata, a  brojni su bili zatvarani i proganjani. Na Uskrsni utorak, 22. travnja, Provincija sv. Jeronima mijenja svoj status u kustodiju ovisnu o Hrvatskoj franjeva\u010dkoj provinciji sv. \u0106irila i Metoda sa sjedi\u0161tem u Zagrebu. Postoje odre\u0111ene emocije, pa i tu\u017ene emocije, \u0161to ta institucija kao takva prestaje postojati. Na Uskrsni ponedjeljak u Zadru \u0107e biti kapitul koji \u0107e  zapo\u010deti kao kapitul Provincije, a zavr\u0161it \u0107e kao kapitul Kustodije. To je ni\u017ea administrativna razina. Razlog zbog kojeg se to doga\u0111a nije misteriozan. Radi se o tome da je fratara sve manje i jednostavno ne mogu biti i nema ih da budu na svim onim mjestima u kojima su kroz povijest bili.<\/p>\n\n\n\n<p>U utorak je pobo\u017enost na \u010dast sv. Antunu Padovanskom u 18:15 sati. <\/p>\n\n\n\n<p>Sljede\u0107e nedjelje slavimo Nedjelju Bo\u017ejega milosr\u0111a i zavr\u0161etak je Vazmene osmine.<\/p>\n\n\n\n<p>Zahvalni za va\u0161u pomo\u0107 kojom poma\u017eete obnovu na\u0161ih crkava i samostana nastradalih u potresima, preporu\u010damo se i nadalje va\u0161oj dobroti. Svoj nov\u010dani prilog mo\u017eete dati u posebnu ozna\u010denu \u0161krabicu pri izlazu iz crkve ili u \u017eupnom uredu u uredovno vrijeme.<\/p>\n\n\n\n<p>Molimo sve vas koji jo\u0161 nemate \u017eupnu obiteljsku knji\u017eicu ili je potrebno upisati promjene u postoje\u0107e, da se javite u \u017eupni ured.<\/p>\n\n\n\n<p>Kupujte i \u010ditajte katoli\u010dki vjerski tisak.<\/p>\n\n\n\n<p><em>fra Pavle Ivi\u0107, tajnik Provincije sv. Jeronima: Tekst molitve:<\/em><br>Svevi\u0161nji Gospodine dobri, tebi pripada na\u0161a hvala za duga stolje\u0107a na\u0161e Provincije. U ovom svetom i povijesnom trenutku, molimo te da primi\u0161 na\u0161e iskrene molitve i zahvale za sva primljena dobro\u010dinstva kroz dugih sedam stolje\u0107a djelovanja na\u0161e provincije. Provincija je na\u0161oj franjeva\u010dkoj bra\u0107i bila poput majke, bila je sve. Kroz razli\u010dita povijesna razdoblja mijenjala je svoje granice i na\u010din upravljanja, ali tvoja je milost sve to pratila i pomagala.<br>Tvoja je o\u010dinska dobrota htjela da na na\u0161oj hrvatskoj obali tvoj vjerni narod \u010duje Radosnu vijest spasenja od samog tvoga sluge Franje Asi\u0161koga koji je na\u0161em hrvatskom narodu ostavio svoje vjerne sinove i k\u0107eri, kao i vjerni\u010dki \u017eivot po evan\u0111eoskim savjetima u siroma\u0161tvu, \u010disto\u0107i i poslu\u0161nosti tebi, Trojedini i tvojoj svetoj Crkvi. Narod je ubrzo zavolio na\u0161u bra\u0107u i njihov skromni na\u010din \u017eivota. Tako smo svi nastojali nasljedovati tvoje sveto siroma\u0161tvo i jednostavnost.<br>Na\u0161a su bra\u0107a stijegom vjere \u010duvala ognji\u0161te svoga naroda. Propovijedali su stolje\u0107ima da si ti Bog koji \u010dudesa stvara\u0161 i da ljubi\u0161 svoj hrvatski narod.<br>Na\u0161em je narodu ova Provincija omogu\u0107ila obrazovanje i postala \u0161kola vjere koja je tvoje vjernike osposobljavala za navje\u0161tavanje. Kroz ratne strahote, bra\u0107a su molitvom i nadom bdjeli nad tvojim stadom i \u010duvali ba\u0161tinu svoga naroda do dana dana\u0161njega. Mnoga su bra\u0107a \u017eivjela svetim i samozatajnim \u017eivotom. Mnogi su rade\u0107i svojim rukama i talentima zadu\u017eili sve nas danas da vjerujemo u tvoju Providnost koja sve obnavlja. <br>Zato te molimo, na\u0161oj pokojnoj bra\u0107i oprosti grijehe i uvedi ih u zbilju svoje vje\u010dne ljubavi u kojoj kraljuje potpuno veselje. Nagradi njihov trud i budi blagoslovljen u njima. Molimo te da blagoslovi\u0161 bra\u0107u koja sada \u017eive i djeluju u Provinciji. Blagoslovi svoje malo stado i smiluj se, osobito na\u0161oj starijoj i nemo\u0107noj bra\u0107i. Oprosti nam sve \u0161to lo\u0161e u\u010dinismo i daj da ti ustrajno slu\u017eimo u vjernosti i ljubavi.<br>Blagoslovi na\u0161 oblik slu\u017eenja i neka nas sve prati tvoja milost koja sve obnavlja. Vapimo i molimo, sjeti se ove zajednice koju si davno stekao. Razvedri lice svoje milosno i obnovi nas. Hvala ti, dobri O\u010de, na tvojim milostima i hvala ti na na\u0161oj Provinciji. Sve predajemo sada u tvoje svete ruke i neka se u svemu vr\u0161i tvoja presveta volja po Kristu Gospodinu<br>na\u0161em. Amen.<\/p>\n","protected":false},"excerpt":{"rendered":"<p>Slavimo Nedjelju uskrsnu\u0107a Gospodinova \u2013 Vazam ili Uskrs. Svima vama i va\u0161ima najiskrenije \u017eelim sretan i blagoslovljen Uskrs. Nakon svetih misa skupljamo nov\u010dane priloge za \u201ePetrov nov\u010di\u0107\u201c \u010dime poma\u017eemo djelovanju Svete Stolice u Rimu. Svoj nov\u010dani dar mo\u017eete dati na izlazu iz crkve. Zahvala svima vama koji ste darovali za Caritas. Do srijede skupljamo pisanice <a href=\"https:\/\/svetaobitelj.hr\/?p=3664\" class=\"more-link\">[&hellip;]<\/a><\/p>\n","protected":false},"author":2,"featured_media":0,"comment_status":"closed","ping_status":"open","sticky":false,"template":"","format":"standard","meta":{"footnotes":""},"categories":[3],"tags":[],"class_list":["entry","author-","post-3664","post","type-post","status-publish","format-standard","category-zupa"],"_links":{"self":[{"href":"https:\/\/svetaobitelj.hr\/index.php?rest_route=\/wp\/v2\/posts\/3664","targetHints":{"allow":["GET"]}}],"collection":[{"href":"https:\/\/svetaobitelj.hr\/index.php?rest_route=\/wp\/v2\/posts"}],"about":[{"href":"https:\/\/svetaobitelj.hr\/index.php?rest_route=\/wp\/v2\/types\/post"}],"author":[{"embeddable":true,"href":"https:\/\/svetaobitelj.hr\/index.php?rest_route=\/wp\/v2\/users\/2"}],"replies":[{"embeddable":true,"href":"https:\/\/svetaobitelj.hr\/index.php?rest_route=%2Fwp%2Fv2%2Fcomments&post=3664"}],"version-history":[{"count":2,"href":"https:\/\/svetaobitelj.hr\/index.php?rest_route=\/wp\/v2\/posts\/3664\/revisions"}],"predecessor-version":[{"id":3666,"href":"https:\/\/svetaobitelj.hr\/index.php?rest_route=\/wp\/v2\/posts\/3664\/revisions\/3666"}],"wp:attachment":[{"href":"https:\/\/svetaobitelj.hr\/index.php?rest_route=%2Fwp%2Fv2%2Fmedia&parent=3664"}],"wp:term":[{"taxonomy":"category","embeddable":true,"href":"https:\/\/svetaobitelj.hr\/index.php?rest_route=%2Fwp%2Fv2%2Fcategories&post=3664"},{"taxonomy":"post_tag","embeddable":true,"href":"https:\/\/svetaobitelj.hr\/index.php?rest_route=%2Fwp%2Fv2%2Ftags&post=3664"}],"curies":[{"name":"wp","href":"https:\/\/api.w.org\/{rel}","templated":true}]}}