{"id":3656,"date":"2025-04-15T04:30:57","date_gmt":"2025-04-15T03:30:57","guid":{"rendered":"http:\/\/svetaobitelj.hr\/?p=3656"},"modified":"2025-04-15T04:30:57","modified_gmt":"2025-04-15T03:30:57","slug":"cvjetnica-3","status":"publish","type":"post","link":"https:\/\/svetaobitelj.hr\/?p=3656","title":{"rendered":"Cvjetnica"},"content":{"rendered":"\n<div class=\"wp-block-image\"><figure class=\"aligncenter size-large\"><img loading=\"lazy\" decoding=\"async\" width=\"1024\" height=\"1024\" src=\"http:\/\/svetaobitelj.hr\/wp-content\/uploads\/2025\/04\/20250414_184709-1024x1024.jpg\" alt=\"\" class=\"wp-image-3658\" srcset=\"https:\/\/svetaobitelj.hr\/wp-content\/uploads\/2025\/04\/20250414_184709-1024x1024.jpg 1024w, https:\/\/svetaobitelj.hr\/wp-content\/uploads\/2025\/04\/20250414_184709-300x300.jpg 300w, https:\/\/svetaobitelj.hr\/wp-content\/uploads\/2025\/04\/20250414_184709-150x150.jpg 150w, https:\/\/svetaobitelj.hr\/wp-content\/uploads\/2025\/04\/20250414_184709-768x768.jpg 768w, https:\/\/svetaobitelj.hr\/wp-content\/uploads\/2025\/04\/20250414_184709-1536x1536.jpg 1536w, https:\/\/svetaobitelj.hr\/wp-content\/uploads\/2025\/04\/20250414_184709.jpg 1600w\" sizes=\"auto, (max-width: 1024px) 100vw, 1024px\" \/><\/figure><\/div>\n\n\n\n<p>Cvjetnica &#8211; liturgijska \u010ditanja uvode nas u tjedan proslave velikih otajstava muke, smrti i uskrsnu\u0107a Gospodinova. S Kristom ulazimo u Jeruzalem kli\u010du\u0107i zajedno s istim onim Jeruzalemcima koji \u0107e za koji dan svoga Kralja pratiti do Golgote. Isti narod koji ga na Cvjetnicu pozdravlja sa &#8220;Hosana&#8221; uskoro \u0107e vikati: \u201eRaspni ga!\u201c Nije li to slika ljudskoga srca? Srce koje voli, ali i izdaje. Srce koje slavi, ali i zaboravlja. Isus je znao \u0161to ga \u010deka i znao je da samo probodenim srcem mo\u017ee izlije\u010diti podvojenost ljudskoga srca.<\/p>\n\n\n\n<div class=\"wp-block-image\"><figure class=\"aligncenter size-large\"><img loading=\"lazy\" decoding=\"async\" width=\"1024\" height=\"1024\" src=\"http:\/\/svetaobitelj.hr\/wp-content\/uploads\/2025\/04\/20250414_184725-1024x1024.jpg\" alt=\"\" class=\"wp-image-3659\" srcset=\"https:\/\/svetaobitelj.hr\/wp-content\/uploads\/2025\/04\/20250414_184725-1024x1024.jpg 1024w, https:\/\/svetaobitelj.hr\/wp-content\/uploads\/2025\/04\/20250414_184725-300x300.jpg 300w, https:\/\/svetaobitelj.hr\/wp-content\/uploads\/2025\/04\/20250414_184725-150x150.jpg 150w, https:\/\/svetaobitelj.hr\/wp-content\/uploads\/2025\/04\/20250414_184725-768x768.jpg 768w, https:\/\/svetaobitelj.hr\/wp-content\/uploads\/2025\/04\/20250414_184725-1536x1536.jpg 1536w, https:\/\/svetaobitelj.hr\/wp-content\/uploads\/2025\/04\/20250414_184725.jpg 1600w\" sizes=\"auto, (max-width: 1024px) 100vw, 1024px\" \/><\/figure><\/div>\n\n\n\n<p>Pred nama je kri\u017e. To je sredi\u0161te na\u0161e vjere\u00a0&#8211;\u00a0simbol koji su u po\u010detku mnogi odbacivali kao sramotu i ludost, a koji je po Kristu postao mjesto Bo\u017eje objave \u2013 u kojem se razotkriva tko je Bog i tko smo mi. Kri\u017e je Bo\u017eji govor svijetu, ne samo rije\u010dima, nego i djelom. Kri\u017e ne nudi teorije, nego predanje. Ne tra\u017ei tuma\u010denja, nego daje odgovore. \u0160to se doista dogodilo na kri\u017eu? \u0160to uop\u0107e zna\u010di da je Isus umro za nas?. Isus nije umro da bi nas Bog mogao voljeti. Isus se predao na smrt zato \u0161to nas Bog ve\u0107 voli. Kri\u017e je znak te ljubavi. Neka nam to bude temelj vjere: kri\u017e ne mijenja Boga, nego objavljuje Boga koji je ljubav. To je po\u010detak evan\u0111elja. To je na\u0161 mir. To je nada koju nosimo u svoje domove, u bolesti, u sumnje. Kri\u017e je lice Bo\u017eje ljubavi do kraja\u00a0\u2013\u00a0kri\u017e nije zadnja rije\u010d\u00a0niti je kri\u017e Bo\u017eji poraz. Kri\u017e je Bo\u017eja vjernost do kraja. Krist ne umire zato \u0161to je izgubio, nego umire jer je dovr\u0161io poslanje koje mu je Otac povjerio. On ne umire s rije\u010dima razo\u010daranja, nego ostvarenja: \u201eDovr\u0161eno je\u201c. Isusov posljednji uzdah nije bio uzdah nemo\u0107i, nego usklik pobjednika. Svojim posljednjim dahom udahnuo je novi \u017eivot svemu stvorenome.<\/p>\n\n\n\n<div class=\"wp-block-image\"><figure class=\"aligncenter size-large\"><img loading=\"lazy\" decoding=\"async\" width=\"1024\" height=\"1024\" src=\"http:\/\/svetaobitelj.hr\/wp-content\/uploads\/2025\/04\/20250414_184741-1-1024x1024.jpg\" alt=\"\" class=\"wp-image-3660\" srcset=\"https:\/\/svetaobitelj.hr\/wp-content\/uploads\/2025\/04\/20250414_184741-1-1024x1024.jpg 1024w, https:\/\/svetaobitelj.hr\/wp-content\/uploads\/2025\/04\/20250414_184741-1-300x300.jpg 300w, https:\/\/svetaobitelj.hr\/wp-content\/uploads\/2025\/04\/20250414_184741-1-150x150.jpg 150w, https:\/\/svetaobitelj.hr\/wp-content\/uploads\/2025\/04\/20250414_184741-1-768x768.jpg 768w, https:\/\/svetaobitelj.hr\/wp-content\/uploads\/2025\/04\/20250414_184741-1-1536x1536.jpg 1536w, https:\/\/svetaobitelj.hr\/wp-content\/uploads\/2025\/04\/20250414_184741-1.jpg 1600w\" sizes=\"auto, (max-width: 1024px) 100vw, 1024px\" \/><\/figure><\/div>\n\n\n\n<p>Ovo je slika \u017eivota, ovo je slika \u010dovjeka\u00a0\u2013 Evo \u010dovjeka! Svatko u \u017eivotu nosi svoj kri\u017e i svoje patnje, kakve god one bile. Ho\u0107e li ta patnja ugasiti u nama ljubav, strpljivost i dobrotu srca ili \u0107emo se s njom znati nositi na na\u010din da se i za nas bude moglo re\u0107i:\u00a0\u201eEvo \u010dovjeka!\u201c.<\/p>\n","protected":false},"excerpt":{"rendered":"<p>Cvjetnica &#8211; liturgijska \u010ditanja uvode nas u tjedan proslave velikih otajstava muke, smrti i uskrsnu\u0107a Gospodinova. S Kristom ulazimo u Jeruzalem kli\u010du\u0107i zajedno s istim onim Jeruzalemcima koji \u0107e za koji dan svoga Kralja pratiti do Golgote. Isti narod koji ga na Cvjetnicu pozdravlja sa &#8220;Hosana&#8221; uskoro \u0107e vikati: \u201eRaspni ga!\u201c Nije li to slika <a href=\"https:\/\/svetaobitelj.hr\/?p=3656\" class=\"more-link\">[&hellip;]<\/a><\/p>\n","protected":false},"author":2,"featured_media":0,"comment_status":"closed","ping_status":"open","sticky":false,"template":"","format":"standard","meta":{"footnotes":""},"categories":[3],"tags":[],"class_list":["entry","author-","post-3656","post","type-post","status-publish","format-standard","category-zupa"],"_links":{"self":[{"href":"https:\/\/svetaobitelj.hr\/index.php?rest_route=\/wp\/v2\/posts\/3656","targetHints":{"allow":["GET"]}}],"collection":[{"href":"https:\/\/svetaobitelj.hr\/index.php?rest_route=\/wp\/v2\/posts"}],"about":[{"href":"https:\/\/svetaobitelj.hr\/index.php?rest_route=\/wp\/v2\/types\/post"}],"author":[{"embeddable":true,"href":"https:\/\/svetaobitelj.hr\/index.php?rest_route=\/wp\/v2\/users\/2"}],"replies":[{"embeddable":true,"href":"https:\/\/svetaobitelj.hr\/index.php?rest_route=%2Fwp%2Fv2%2Fcomments&post=3656"}],"version-history":[{"count":1,"href":"https:\/\/svetaobitelj.hr\/index.php?rest_route=\/wp\/v2\/posts\/3656\/revisions"}],"predecessor-version":[{"id":3661,"href":"https:\/\/svetaobitelj.hr\/index.php?rest_route=\/wp\/v2\/posts\/3656\/revisions\/3661"}],"wp:attachment":[{"href":"https:\/\/svetaobitelj.hr\/index.php?rest_route=%2Fwp%2Fv2%2Fmedia&parent=3656"}],"wp:term":[{"taxonomy":"category","embeddable":true,"href":"https:\/\/svetaobitelj.hr\/index.php?rest_route=%2Fwp%2Fv2%2Fcategories&post=3656"},{"taxonomy":"post_tag","embeddable":true,"href":"https:\/\/svetaobitelj.hr\/index.php?rest_route=%2Fwp%2Fv2%2Ftags&post=3656"}],"curies":[{"name":"wp","href":"https:\/\/api.w.org\/{rel}","templated":true}]}}