{"id":3643,"date":"2025-03-28T20:29:23","date_gmt":"2025-03-28T19:29:23","guid":{"rendered":"http:\/\/svetaobitelj.hr\/?p=3643"},"modified":"2025-03-28T20:29:24","modified_gmt":"2025-03-28T19:29:24","slug":"zupne-obavijesti-4-korizmena-nedjelja-6","status":"publish","type":"post","link":"https:\/\/svetaobitelj.hr\/?p=3643","title":{"rendered":"\u017dupne obavijesti: 4. korizmena nedjelja"},"content":{"rendered":"\n<p><strong>Slavimo \u010detvrtu korizmenu nedjelu. Nakon svetih misa skupljamo nov\u010dane priloge za misionarku s. Vedranu Ljubi\u0107, koja djeluje u Ugandi u mjestu Mbarara. Nakana akcije je za izgradnju ku\u0107e za siroma\u0161nu vi\u0161e\u010dlanu obitelj (5-ero djece). Svoj nov\u010dani dar mo\u017eete dati na izlazu iz crkve.<\/strong><\/p>\n\n\n\n<p><strong>U tijeku je pobo\u017enost 13 utoraka na \u010dast sv. Antunu Padovanskom u 18:15 sati. <\/strong><strong>U korizmeno vrijeme pobo\u017enost kri\u017enoga puta je srijedom i petkom u 18:00 sati.<\/strong><\/p>\n\n\n\n<p><strong>U subotu \u0107emo pod ve\u010dernjom svetom misom moliti za duhovna zvanja, budu\u0107i da je prva subota u mjesecu.<\/strong><\/p>\n\n\n\n<p><strong>Sljede\u0107e nedjelje slavimo petu korizmenu nedjelu. Ujedno je prva nedjelja u mjesecu kada svojim molitvama i nov\u010danim prilozima poma\u017eemo na\u0161im odgojnim ustanovama, sjemeni\u0161tima te molimo za duhovna zvanja. Pod jutarnjom svetom misom molit \u0107emo za dobro\u010dinitelje ove na\u0161e crkve i samostana.<\/strong><\/p>\n\n\n\n<p><strong>Caritas na\u0161e Nadbiskupije nastavlja i ove godine s projektom \u201eBla\u017eenije je davati nego primati\u201c \u010dime svojim nov\u010danim prilozima i \u017eive\u017enim namirnicama, poma\u017eemo Caritasovu Pu\u010dku kuhinju u Osijeku i Caritasov Centar za prihvat besku\u0107nika \u2013 Osijek. Nastavlja se i Caritasov projekt&nbsp; \u201eDje\u010dja ko\u0161arica\u201c Centra za dijete u Osijeku \u010dime poma\u017eemo obitelji slabijeg imovnog stanja daruju\u0107i dje\u010dju hranu, higijenske potrep\u0161tine, pelene, vla\u017ene maramice i nov\u010dana sredstva. Prikupljanje darova za potrebite bit \u0107e do Cvjetnice u \u017eupnom uredu.<\/strong><\/p>\n\n\n\n<p><strong>Starije i bolesne koji ne mogu do\u0107i u crkvu ispovijedat \u0107u u ponedjeljak, 7. travnja, od 8:30 sati. Potrebno ih je prijaviti u \u017eupnom uredu.&nbsp;<\/strong><\/p>\n\n\n\n<p><strong>Zajedni\u010dka, tzv. <em>velika ispovijed<\/em>, bit \u0107e u na\u0161oj \u017eupnoj crkvi u srijedu, 9. travnja, u 9:00 i u 15:00 sati kada \u0107e biti vi\u0161e sve\u0107enika na raspolaganju.<\/strong><\/p>\n\n\n\n<p><strong>U tijeku je nacionalni projekt hrvatskoga Caritasa <em>Spasi kunu od propasti, daruj je za 1000 radosti<\/em>. Pozvani smo da darujemo neiskori\u0161tene kovanice kuna i lipa i na taj na\u010din pomognemo ovoj akciji za pomo\u0107 siroma\u0161nima na podru\u010dju Republike Hrvatske. Kovanice mo\u017eete donijeti u \u017eupni ured koje \u0107emo tada proslijediti preko nadbiskupijskog Caritasa u nacionalni. Osobito vas molim da ne ubacujete taj novac u milostinju.<\/strong><\/p>\n\n\n\n<p><strong>Zahvalni za va\u0161u pomo\u0107 kojom poma\u017eete obnovu na\u0161ih crkava i samostana nastradalih u potresima, preporu\u010damo se i nadalje va\u0161oj dobroti. Svoj nov\u010dani prilog mo\u017eete dati u posebno ozna\u010denu \u0161krabicu pri izlazu iz crkve ili u \u017eupni ured ili direktno uplatiti na ra\u010dun koji se nalazi na letku.<\/strong><\/p>\n\n\n\n<p><strong>Molim sve vas koji jo\u0161 nemate \u017eupnu obiteljsku knji\u017eicu ili je potrebno upisati promjene u postoje\u0107e, da se javite u \u017eupni ured u uredovno vrijeme.<\/strong><\/p>\n\n\n\n<p><strong>Kupujte i \u010ditajte katoli\u010dki vjerski tisak.<\/strong><\/p>\n","protected":false},"excerpt":{"rendered":"<p>Slavimo \u010detvrtu korizmenu nedjelu. Nakon svetih misa skupljamo nov\u010dane priloge za misionarku s. Vedranu Ljubi\u0107, koja djeluje u Ugandi u mjestu Mbarara. Nakana akcije je za izgradnju ku\u0107e za siroma\u0161nu vi\u0161e\u010dlanu obitelj (5-ero djece). Svoj nov\u010dani dar mo\u017eete dati na izlazu iz crkve. U tijeku je pobo\u017enost 13 utoraka na \u010dast sv. Antunu Padovanskom u <a href=\"https:\/\/svetaobitelj.hr\/?p=3643\" class=\"more-link\">[&hellip;]<\/a><\/p>\n","protected":false},"author":2,"featured_media":0,"comment_status":"closed","ping_status":"open","sticky":false,"template":"","format":"standard","meta":{"footnotes":""},"categories":[3],"tags":[],"class_list":["entry","author-","post-3643","post","type-post","status-publish","format-standard","category-zupa"],"_links":{"self":[{"href":"https:\/\/svetaobitelj.hr\/index.php?rest_route=\/wp\/v2\/posts\/3643","targetHints":{"allow":["GET"]}}],"collection":[{"href":"https:\/\/svetaobitelj.hr\/index.php?rest_route=\/wp\/v2\/posts"}],"about":[{"href":"https:\/\/svetaobitelj.hr\/index.php?rest_route=\/wp\/v2\/types\/post"}],"author":[{"embeddable":true,"href":"https:\/\/svetaobitelj.hr\/index.php?rest_route=\/wp\/v2\/users\/2"}],"replies":[{"embeddable":true,"href":"https:\/\/svetaobitelj.hr\/index.php?rest_route=%2Fwp%2Fv2%2Fcomments&post=3643"}],"version-history":[{"count":1,"href":"https:\/\/svetaobitelj.hr\/index.php?rest_route=\/wp\/v2\/posts\/3643\/revisions"}],"predecessor-version":[{"id":3644,"href":"https:\/\/svetaobitelj.hr\/index.php?rest_route=\/wp\/v2\/posts\/3643\/revisions\/3644"}],"wp:attachment":[{"href":"https:\/\/svetaobitelj.hr\/index.php?rest_route=%2Fwp%2Fv2%2Fmedia&parent=3643"}],"wp:term":[{"taxonomy":"category","embeddable":true,"href":"https:\/\/svetaobitelj.hr\/index.php?rest_route=%2Fwp%2Fv2%2Fcategories&post=3643"},{"taxonomy":"post_tag","embeddable":true,"href":"https:\/\/svetaobitelj.hr\/index.php?rest_route=%2Fwp%2Fv2%2Ftags&post=3643"}],"curies":[{"name":"wp","href":"https:\/\/api.w.org\/{rel}","templated":true}]}}