{"id":3641,"date":"2025-03-21T12:01:07","date_gmt":"2025-03-21T11:01:07","guid":{"rendered":"https:\/\/svetaobitelj.hr\/?p=3641"},"modified":"2025-03-21T12:01:08","modified_gmt":"2025-03-21T11:01:08","slug":"zupne-obavijesti-3-korizmena-nedjelja-7","status":"publish","type":"post","link":"https:\/\/svetaobitelj.hr\/?p=3641","title":{"rendered":"\u017dupne obavijesti: 3. korizmena nedjelja"},"content":{"rendered":"\n<p>Slavimo tre\u0107u korizmenu nedjelju. Zapo\u010dinje Tjedan solidarnosti s Crkvom u Bosni i Hercegovini. Nakon svetih misa na izlasku iz crkve skupljamo nov\u010dane priloge za na\u0161u bra\u0107u i sestre u Bosni i Hercegovini s kojima \u017eelimo biti materijalno, molitveno i duhovno povezani.<\/p>\n\n\n\n<p>U utorak slavimo svetkovinu Navje\u0161tenja Gospodinova &#8211; Blagovijest. Svete mise su u 7:30 i 18:30 sati. U tijeku je pobo\u017enost 13 utoraka na \u010dast sv. Antunu Padovanskom.<\/p>\n\n\n\n<p>Sljede\u0107e nedjelje slavimo \u010detvrtu korizmenu nedjelu. Nakon svetih misa skupljat \u0107emo nov\u010dane priloge za misionarku s. Vedranu Ljubi\u0107, koja djeluje u Ugandi u mjestu Mbarara. Nakana akcije je za izgradnju ku\u0107e za siroma\u0161nu vi\u0161e\u010dlanu obitelj (5-ero djece). <\/p>\n\n\n\n<p>U korizmeno vrijeme pobo\u017enost kri\u017enoga puta je srijedom i petkom u 18:00 sati. Caritas na\u0161e Nadbiskupije nastavlja i ove godine s projektom \u201eBla\u017eenije je davati nego primati\u201c \u010dime svojim nov\u010danim prilozima i \u017eive\u017enim namirnicama, poma\u017eemo Caritasovu Pu\u010dku kuhinju u Osijeku i Caritasov Centar za prihvat besku\u0107nika \u2013 Osijek. Nastavlja se i Caritasov projekt \u201eDje\u010dja ko\u0161arica\u201c Centra za dijete u Osijeku \u010dime poma\u017eemo obitelji slabijeg imovnog stanja daruju\u0107i dje\u010dju hranu, higijenske potrep\u0161tine, pelene, vla\u017ene maramice i nov\u010dana sredstva. Prikupljanje darova za potrebite bit \u0107e u razdoblju izme\u0111u \u010detvrte korizmene nedjelje i Cvjetnice u \u017eupnom uredu.<\/p>\n\n\n\n<p>Starije i bolesne koji ne mogu do\u0107i u crkvu ispovijedat \u0107u u ponedjeljak, 7. travnja, od 8:30 sati. Potrebno ih je prijaviti u \u017eupnom uredu.<\/p>\n\n\n\n<p>Zajedni\u010dka, tzv. velika ispovijed, bit \u0107e u na\u0161oj \u017eupnoj crkvi u srijedu, 9. travnja, u 9:00 i u 15:00 sati kada \u0107e biti vi\u0161e sve\u0107enika na raspolaganju.<\/p>\n\n\n\n<p>U tijeku je nacionalni projekt hrvatskoga Caritasa Spasi kunu od propasti, daruj je za 1000 radosti. Pozvani smo da darujemo neiskori\u0161tene kovanice kuna i lipa i na taj na\u010din pomognemo ovoj akciji za pomo\u0107 siroma\u0161nima na podru\u010dju Republike Hrvatske. Kovanice mo\u017eete donijeti u \u017eupni ured koje \u0107emo tada proslijediti preko nadbiskupijskog Caritasa u nacionalni. Osobito vas molim da ne ubacujete taj novac u milostinju.<\/p>\n\n\n\n<p>Zahvalni za va\u0161u pomo\u0107 kojom poma\u017eete obnovu na\u0161ih crkava i samostana nastradalih u potresima, preporu\u010damo se i nadalje va\u0161oj dobroti. Svoj nov\u010dani prilog mo\u017eete dati u posebno ozna\u010denu \u0161krabicu pri izlazu iz crkve ili u \u017eupni ured ili direktno uplatiti na ra\u010dun koji se nalazi na letku.<\/p>\n\n\n\n<p>Podsje\u0107am prijavljene za hodo\u010da\u0161\u0107e u Rim da uplate drugu ratu do kraja ovoga mjeseca.<\/p>\n\n\n\n<p>Molim sve vas koji jo\u0161 nemate \u017eupnu obiteljsku knji\u017eicu ili je potrebno upisati promjene u postoje\u0107e, da se javite u \u017eupni ured u uredovno vrijeme.<\/p>\n\n\n\n<p>Kupujte i \u010ditajte katoli\u010dki vjerski tisak.<\/p>\n","protected":false},"excerpt":{"rendered":"<p>Slavimo tre\u0107u korizmenu nedjelju. Zapo\u010dinje Tjedan solidarnosti s Crkvom u Bosni i Hercegovini. Nakon svetih misa na izlasku iz crkve skupljamo nov\u010dane priloge za na\u0161u bra\u0107u i sestre u Bosni i Hercegovini s kojima \u017eelimo biti materijalno, molitveno i duhovno povezani. U utorak slavimo svetkovinu Navje\u0161tenja Gospodinova &#8211; Blagovijest. Svete mise su u 7:30 i <a href=\"https:\/\/svetaobitelj.hr\/?p=3641\" class=\"more-link\">[&hellip;]<\/a><\/p>\n","protected":false},"author":2,"featured_media":0,"comment_status":"closed","ping_status":"open","sticky":false,"template":"","format":"standard","meta":{"footnotes":""},"categories":[3],"tags":[],"class_list":["entry","author-","post-3641","post","type-post","status-publish","format-standard","category-zupa"],"_links":{"self":[{"href":"https:\/\/svetaobitelj.hr\/index.php?rest_route=\/wp\/v2\/posts\/3641","targetHints":{"allow":["GET"]}}],"collection":[{"href":"https:\/\/svetaobitelj.hr\/index.php?rest_route=\/wp\/v2\/posts"}],"about":[{"href":"https:\/\/svetaobitelj.hr\/index.php?rest_route=\/wp\/v2\/types\/post"}],"author":[{"embeddable":true,"href":"https:\/\/svetaobitelj.hr\/index.php?rest_route=\/wp\/v2\/users\/2"}],"replies":[{"embeddable":true,"href":"https:\/\/svetaobitelj.hr\/index.php?rest_route=%2Fwp%2Fv2%2Fcomments&post=3641"}],"version-history":[{"count":1,"href":"https:\/\/svetaobitelj.hr\/index.php?rest_route=\/wp\/v2\/posts\/3641\/revisions"}],"predecessor-version":[{"id":3642,"href":"https:\/\/svetaobitelj.hr\/index.php?rest_route=\/wp\/v2\/posts\/3641\/revisions\/3642"}],"wp:attachment":[{"href":"https:\/\/svetaobitelj.hr\/index.php?rest_route=%2Fwp%2Fv2%2Fmedia&parent=3641"}],"wp:term":[{"taxonomy":"category","embeddable":true,"href":"https:\/\/svetaobitelj.hr\/index.php?rest_route=%2Fwp%2Fv2%2Fcategories&post=3641"},{"taxonomy":"post_tag","embeddable":true,"href":"https:\/\/svetaobitelj.hr\/index.php?rest_route=%2Fwp%2Fv2%2Ftags&post=3641"}],"curies":[{"name":"wp","href":"https:\/\/api.w.org\/{rel}","templated":true}]}}