{"id":3637,"date":"2025-03-14T12:12:29","date_gmt":"2025-03-14T11:12:29","guid":{"rendered":"https:\/\/svetaobitelj.hr\/?p=3637"},"modified":"2025-03-14T12:12:29","modified_gmt":"2025-03-14T11:12:29","slug":"zupne-obavijesti-2-korizmena-nedjelja-7","status":"publish","type":"post","link":"https:\/\/svetaobitelj.hr\/?p=3637","title":{"rendered":"\u017dupne obavijesti: 2. korizmena nedjelja"},"content":{"rendered":"\n<p>Slavimo drugu korizmenu nedjelju. Na izlasku iz crkve mo\u017eete kupiti svije\u0107e prigodom akcije \u201eJedna svije\u0107a za svjetlo u obitelji\u201c, \u010dijom kupnjom poma\u017eemo Bra\u010dna i obiteljska savjetovali\u0161ta u na\u0161oj \u0110akova\u010dko \u2013 osje\u010dkoj nadbiskupiji.<\/p>\n\n\n\n<p>U utorak je 92. godi\u0161njica smrti \u010dasnog sluge Bo\u017ejega fra Vendelina Vo\u0161njaka, osniva\u010da na\u0161e Hrvatske franjeva\u010dke provincije sv. \u0106irila i Metoda.<\/p>\n\n\n\n<p>U srijedu slavimo svetkovinu sv. Josipa. Svete mise su u 7:30 i 18:30 sati. <\/p>\n\n\n\n<p>Sljede\u0107e nedjelje slavimo tre\u0107u korizmenu nedjelju kada zapo\u010dinje Tjedan solidarnosti s Crkvom u Bosni i Hercegovini. Nakon svetih misa skupljat \u0107emo nov\u010dane priloge za na\u0161u bra\u0107u i sestre u Bosni i Hercegovini s kojima \u017eelimo biti materijalno, molitveno i duhovno povezani. Svoje nov\u010dane priloge mo\u017eete donijeti ovaj i sljede\u0107i tjedan i u \u017eupni ured u uredovno vrijeme.<\/p>\n\n\n\n<p>Nadbiskupijski susret djelatnika u strana\u010dkom i politi\u010dkom \u017eivotu u Godini jubileja bit \u0107e u \u0110akovu, 24. o\u017eujka ove godine s po\u010detkom u 16:00 sati. Zainteresirani neka se jave u \u017eupni ured najkasnije do 20. o\u017eujka kako bi ih mogao prijaviti za ovaj susret 21. o\u017eujka.<\/p>\n\n\n\n<p>U korizmeno vrijeme pobo\u017enost kri\u017enoga puta je srijedom i petkom u 18:00 sati. Caritas na\u0161e Nadbiskupije nastavlja i ove godine s projektom \u201eBla\u017eenije je davati nego primati\u201c \u010dime svojim nov\u010danim prilozima i \u017eive\u017enim namirnicama, poma\u017eemo Caritasovu Pu\u010dku kuhinju u Osijeku i Caritasov Centar za prihvat besku\u0107nika \u2013 Osijek. Prikupljanje prehrambenih proizvoda i higijenskih potrep\u0161tina za potrebite bit \u0107e u razdoblju izme\u0111u \u010detvrte korizmene nedjelje i Cvjetnice.<\/p>\n\n\n\n<p>U tijeku je nacionalni projekt hrvatskoga Caritasa Spasi kunu od propasti, daruj je za 1000 radosti. Pozvani smo da darujemo neiskori\u0161tene kovanice i na taj na\u010din pomognemo ovoj akciji za pomo\u0107 siroma\u0161nima na podru\u010dju Republike Hrvatske. Kovanice mo\u017eete donijeti u \u017eupni ured koje \u0107emo tada proslijediti preko nadbiskupijskog Caritasa u nacionalni. Osobito vas molim da ne ubacujete taj novac u milostinju.<\/p>\n\n\n\n<p>Zahvalni za va\u0161u pomo\u0107 kojom poma\u017eete obnovu na\u0161ih crkava i samostana nastradalih u potresima, preporu\u010damo se i nadalje va\u0161oj dobroti. Svoj nov\u010dani prilog mo\u017eete dati u posebno ozna\u010denu \u0161krabicu pri izlazu iz crkve ili u \u017eupni ured ili direktno uplatiti na ra\u010dun koji se nalazi na letku.<\/p>\n\n\n\n<p>Podsje\u0107am prijavljene za hodo\u010da\u0161\u0107e u Rim da uplate drugu ratu do kraja ovoga mjeseca.<\/p>\n\n\n\n<p>Molimo sve vas koji jo\u0161 nemate \u017eupnu obiteljsku knji\u017eicu ili je potrebno upisati promjene u postoje\u0107e, da se javite u \u017eupni ured u uredovno vrijeme.<\/p>\n\n\n\n<p>Kupujte i \u010ditajte katoli\u010dki vjerski tisak.<\/p>\n","protected":false},"excerpt":{"rendered":"<p>Slavimo drugu korizmenu nedjelju. Na izlasku iz crkve mo\u017eete kupiti svije\u0107e prigodom akcije \u201eJedna svije\u0107a za svjetlo u obitelji\u201c, \u010dijom kupnjom poma\u017eemo Bra\u010dna i obiteljska savjetovali\u0161ta u na\u0161oj \u0110akova\u010dko \u2013 osje\u010dkoj nadbiskupiji. U utorak je 92. godi\u0161njica smrti \u010dasnog sluge Bo\u017ejega fra Vendelina Vo\u0161njaka, osniva\u010da na\u0161e Hrvatske franjeva\u010dke provincije sv. \u0106irila i Metoda. U srijedu <a href=\"https:\/\/svetaobitelj.hr\/?p=3637\" class=\"more-link\">[&hellip;]<\/a><\/p>\n","protected":false},"author":2,"featured_media":0,"comment_status":"closed","ping_status":"open","sticky":false,"template":"","format":"standard","meta":{"footnotes":""},"categories":[3],"tags":[],"class_list":["entry","author-","post-3637","post","type-post","status-publish","format-standard","category-zupa"],"_links":{"self":[{"href":"https:\/\/svetaobitelj.hr\/index.php?rest_route=\/wp\/v2\/posts\/3637","targetHints":{"allow":["GET"]}}],"collection":[{"href":"https:\/\/svetaobitelj.hr\/index.php?rest_route=\/wp\/v2\/posts"}],"about":[{"href":"https:\/\/svetaobitelj.hr\/index.php?rest_route=\/wp\/v2\/types\/post"}],"author":[{"embeddable":true,"href":"https:\/\/svetaobitelj.hr\/index.php?rest_route=\/wp\/v2\/users\/2"}],"replies":[{"embeddable":true,"href":"https:\/\/svetaobitelj.hr\/index.php?rest_route=%2Fwp%2Fv2%2Fcomments&post=3637"}],"version-history":[{"count":2,"href":"https:\/\/svetaobitelj.hr\/index.php?rest_route=\/wp\/v2\/posts\/3637\/revisions"}],"predecessor-version":[{"id":3639,"href":"https:\/\/svetaobitelj.hr\/index.php?rest_route=\/wp\/v2\/posts\/3637\/revisions\/3639"}],"wp:attachment":[{"href":"https:\/\/svetaobitelj.hr\/index.php?rest_route=%2Fwp%2Fv2%2Fmedia&parent=3637"}],"wp:term":[{"taxonomy":"category","embeddable":true,"href":"https:\/\/svetaobitelj.hr\/index.php?rest_route=%2Fwp%2Fv2%2Fcategories&post=3637"},{"taxonomy":"post_tag","embeddable":true,"href":"https:\/\/svetaobitelj.hr\/index.php?rest_route=%2Fwp%2Fv2%2Ftags&post=3637"}],"curies":[{"name":"wp","href":"https:\/\/api.w.org\/{rel}","templated":true}]}}