{"id":3617,"date":"2025-02-07T08:53:15","date_gmt":"2025-02-07T07:53:15","guid":{"rendered":"https:\/\/svetaobitelj.hr\/?p=3617"},"modified":"2025-02-07T08:53:16","modified_gmt":"2025-02-07T07:53:16","slug":"zupne-obavijesti-5-nedjelja-kroz-godinu-6","status":"publish","type":"post","link":"https:\/\/svetaobitelj.hr\/?p=3617","title":{"rendered":"\u017dupne obavijesti: 5. nedjelja kroz godinu"},"content":{"rendered":"\n<p>Slavimo petu nedjelju kroz godinu.<\/p>\n\n\n\n<p>Sutra slavimo bl. Alojzija Stepinca, kardinala i mu\u010denika. Svete mise su u 7:30 i 18:30 sati.<\/p>\n\n\n\n<p>U utorak slavimo Gospu Lurdsku, a ujedno je i Dan bolesnika. Sveta misa za bolesnike bit \u0107e u na\u0161oj \u017eupi u 15:30 sati, a mogu\u0107nost za ispovijed istih bit \u0107e pola sata ranije, u 15:00 sati. Ostale mise su prema redovitom rasporedu: u 7:30 i 18:30 sati. Na kraju ve\u010dernje svete mise imat \u0107emo procesiju sa svije\u0107ama do kipa Gospe ispred crkve. Svije\u0107e \u0107ete mo\u0107i kupiti prije te mise. Kod bra\u0107e kapucina svetu misu na taj dan u 12:00 sati predslavit \u0107e mons. Bo\u017ee Rado\u0161, vara\u017edinski biskup.<\/p>\n\n\n\n<p>Sljede\u0107e nedjelje slavimo \u0161estu nedjelju kroz godinu.<\/p>\n\n\n\n<p>Hrvatski Caritas pokrenuo je nacionalni projekt Spasi kunu od propasti, daruj je za 1000 radosti. 31. prosinca ove godine prestaju vrijediti kovanice kune i lipe. Pozvani smo da darujemo neiskori\u0161tene kovanice i na taj na\u010din pomognemo ovoj akciji za pomo\u0107 siroma\u0161nima na podru\u010dju Republike Hrvatske. Kovanice mo\u017eete donijeti u \u017eupni ured koje \u0107emo tada proslijediti preko nadbiskupijskog Caritasa u nacionalni. Osobito vas molim da ne ubacujete taj novac u milostinju. Vi\u0161e o toj akciji imate na plakatu na oglasnoj plo\u010di.<\/p>\n\n\n\n<p>Zahvalni za va\u0161u pomo\u0107 kojom poma\u017eete obnovu na\u0161ih crkava i samostana nastradalih u potresima, preporu\u010damo se i nadalje va\u0161oj dobroti. Svoj nov\u010dani prilog mo\u017eete dati u posebno ozna\u010denu \u0161krabicu pri izlazu iz crkve ili u \u017eupni ured ili direktno uplatiti na ra\u010dun koji se nalazi na plakatu ili letku.<\/p>\n\n\n\n<p>Molimo sve vas koji jo\u0161 nemate \u017eupnu obiteljsku knji\u017eicu ili je potrebno upisati promjene u postoje\u0107e, da se javite u \u017eupni ured u uredovno vrijeme.<\/p>\n\n\n\n<p>Kupujte i \u010ditajte katoli\u010dki vjerski tisak.<\/p>\n","protected":false},"excerpt":{"rendered":"<p>Slavimo petu nedjelju kroz godinu. Sutra slavimo bl. Alojzija Stepinca, kardinala i mu\u010denika. Svete mise su u 7:30 i 18:30 sati. U utorak slavimo Gospu Lurdsku, a ujedno je i Dan bolesnika. Sveta misa za bolesnike bit \u0107e u na\u0161oj \u017eupi u 15:30 sati, a mogu\u0107nost za ispovijed istih bit \u0107e pola sata ranije, u <a href=\"https:\/\/svetaobitelj.hr\/?p=3617\" class=\"more-link\">[&hellip;]<\/a><\/p>\n","protected":false},"author":2,"featured_media":0,"comment_status":"closed","ping_status":"open","sticky":false,"template":"","format":"standard","meta":{"footnotes":""},"categories":[3],"tags":[],"class_list":["entry","author-","post-3617","post","type-post","status-publish","format-standard","category-zupa"],"_links":{"self":[{"href":"https:\/\/svetaobitelj.hr\/index.php?rest_route=\/wp\/v2\/posts\/3617","targetHints":{"allow":["GET"]}}],"collection":[{"href":"https:\/\/svetaobitelj.hr\/index.php?rest_route=\/wp\/v2\/posts"}],"about":[{"href":"https:\/\/svetaobitelj.hr\/index.php?rest_route=\/wp\/v2\/types\/post"}],"author":[{"embeddable":true,"href":"https:\/\/svetaobitelj.hr\/index.php?rest_route=\/wp\/v2\/users\/2"}],"replies":[{"embeddable":true,"href":"https:\/\/svetaobitelj.hr\/index.php?rest_route=%2Fwp%2Fv2%2Fcomments&post=3617"}],"version-history":[{"count":1,"href":"https:\/\/svetaobitelj.hr\/index.php?rest_route=\/wp\/v2\/posts\/3617\/revisions"}],"predecessor-version":[{"id":3618,"href":"https:\/\/svetaobitelj.hr\/index.php?rest_route=\/wp\/v2\/posts\/3617\/revisions\/3618"}],"wp:attachment":[{"href":"https:\/\/svetaobitelj.hr\/index.php?rest_route=%2Fwp%2Fv2%2Fmedia&parent=3617"}],"wp:term":[{"taxonomy":"category","embeddable":true,"href":"https:\/\/svetaobitelj.hr\/index.php?rest_route=%2Fwp%2Fv2%2Fcategories&post=3617"},{"taxonomy":"post_tag","embeddable":true,"href":"https:\/\/svetaobitelj.hr\/index.php?rest_route=%2Fwp%2Fv2%2Ftags&post=3617"}],"curies":[{"name":"wp","href":"https:\/\/api.w.org\/{rel}","templated":true}]}}