{"id":3606,"date":"2025-01-31T18:50:15","date_gmt":"2025-01-31T17:50:15","guid":{"rendered":"http:\/\/svetaobitelj.hr\/?p=3606"},"modified":"2025-01-31T18:50:15","modified_gmt":"2025-01-31T17:50:15","slug":"zupne-obavijesti-prikazanje-gospodinovo-svijecnica","status":"publish","type":"post","link":"https:\/\/svetaobitelj.hr\/?p=3606","title":{"rendered":"\u017dupne obavijesti: Prikazanje Gospodinovo &#8211; Svije\u0107nica"},"content":{"rendered":"\n<p>Slavimo Prikazanje Gospodinovo \u2013 Svije\u0107nicu, a ujedno je i Dan posve\u0107enog \u017eivota. Prva je nedjelja u mjesecu kada se svojim molitvama i nov\u010danim prilozima sje\u0107amo na\u0161ih odgojnih ustanova \u2013 sjemeni\u0161ta te molimo za duhovna zvanja. Svoj nov\u010dani dar za sjemeni\u0161ta mo\u017eete dati na izlazu iz crkve.<\/p>\n\n\n\n<p>Sutra slavimo sv. Bla\u017ea, za\u0161titnika od bolesti grla. Svete mise su u 7:30 i 18:30 sati. Blagoslov grla bit \u0107e nakon svetih misa.<\/p>\n\n\n\n<p>U \u010detvrtak je nakon ve\u010dernje svete mise klanjanje pred Presvetim. <\/p>\n\n\n\n<p>U subotu, 8. velja\u010de ove godine, s po\u010detkom u 8:30 sati, bit \u0107e na KBF-u u \u0110akovu Seminar za bra\u010dne parove s temom Bra\u010dna komunikacija i komunikacija s djecom. Predava\u010dica je izv. prof. dr. sc. Irena Sever Globan s Odjela za komunikologiju Hrvatskoga katoli\u010dkog sveu\u010dili\u0161ta u Zagrebu. <\/p>\n\n\n\n<p>Sljede\u0107e nedjelje slavimo petu nedjelju kroz godinu. Redoviti mjese\u010dni susret OFS-a bit \u0107e u 16:30 sati.<\/p>\n\n\n\n<p>Zahvalni za va\u0161u pomo\u0107 kojom poma\u017eete obnovu na\u0161ih crkava i samostana nastradalih u potresima, preporu\u010damo se i nadalje va\u0161oj dobroti. Svoj nov\u010dani prilog mo\u017eete dati u posebno ozna\u010denu \u0161krabicu pri izlazu iz crkve ili u \u017eupni ured ili direktno uplatiti na ra\u010dun koji se nalazi na plakatu ili letku.<\/p>\n\n\n\n<p>Molimo sve vas koji jo\u0161 nemate \u017eupnu obiteljsku knji\u017eicu ili je potrebno upisati promjene u postoje\u0107e, da se javite u \u017eupni ured u uredovno vrijeme.<\/p>\n\n\n\n<p>Kupujte i \u010ditajte katoli\u010dki vjerski tisak.<\/p>\n","protected":false},"excerpt":{"rendered":"<p>Slavimo Prikazanje Gospodinovo \u2013 Svije\u0107nicu, a ujedno je i Dan posve\u0107enog \u017eivota. Prva je nedjelja u mjesecu kada se svojim molitvama i nov\u010danim prilozima sje\u0107amo na\u0161ih odgojnih ustanova \u2013 sjemeni\u0161ta te molimo za duhovna zvanja. Svoj nov\u010dani dar za sjemeni\u0161ta mo\u017eete dati na izlazu iz crkve. Sutra slavimo sv. Bla\u017ea, za\u0161titnika od bolesti grla. Svete <a href=\"https:\/\/svetaobitelj.hr\/?p=3606\" class=\"more-link\">[&hellip;]<\/a><\/p>\n","protected":false},"author":2,"featured_media":0,"comment_status":"closed","ping_status":"open","sticky":false,"template":"","format":"standard","meta":{"footnotes":""},"categories":[3],"tags":[],"class_list":["entry","author-","post-3606","post","type-post","status-publish","format-standard","category-zupa"],"_links":{"self":[{"href":"https:\/\/svetaobitelj.hr\/index.php?rest_route=\/wp\/v2\/posts\/3606","targetHints":{"allow":["GET"]}}],"collection":[{"href":"https:\/\/svetaobitelj.hr\/index.php?rest_route=\/wp\/v2\/posts"}],"about":[{"href":"https:\/\/svetaobitelj.hr\/index.php?rest_route=\/wp\/v2\/types\/post"}],"author":[{"embeddable":true,"href":"https:\/\/svetaobitelj.hr\/index.php?rest_route=\/wp\/v2\/users\/2"}],"replies":[{"embeddable":true,"href":"https:\/\/svetaobitelj.hr\/index.php?rest_route=%2Fwp%2Fv2%2Fcomments&post=3606"}],"version-history":[{"count":1,"href":"https:\/\/svetaobitelj.hr\/index.php?rest_route=\/wp\/v2\/posts\/3606\/revisions"}],"predecessor-version":[{"id":3607,"href":"https:\/\/svetaobitelj.hr\/index.php?rest_route=\/wp\/v2\/posts\/3606\/revisions\/3607"}],"wp:attachment":[{"href":"https:\/\/svetaobitelj.hr\/index.php?rest_route=%2Fwp%2Fv2%2Fmedia&parent=3606"}],"wp:term":[{"taxonomy":"category","embeddable":true,"href":"https:\/\/svetaobitelj.hr\/index.php?rest_route=%2Fwp%2Fv2%2Fcategories&post=3606"},{"taxonomy":"post_tag","embeddable":true,"href":"https:\/\/svetaobitelj.hr\/index.php?rest_route=%2Fwp%2Fv2%2Ftags&post=3606"}],"curies":[{"name":"wp","href":"https:\/\/api.w.org\/{rel}","templated":true}]}}