{"id":3603,"date":"2025-01-25T11:09:58","date_gmt":"2025-01-25T10:09:58","guid":{"rendered":"http:\/\/svetaobitelj.hr\/?p=3603"},"modified":"2025-01-25T11:09:58","modified_gmt":"2025-01-25T10:09:58","slug":"zupne-obavijesti-3-nedjelja-kroz-godinu-7","status":"publish","type":"post","link":"https:\/\/svetaobitelj.hr\/?p=3603","title":{"rendered":"\u017dupne obavijesti: 3. nedjelja kroz godinu"},"content":{"rendered":"\n<p><strong>Slavimo tre\u0107u nedjelju kroz godinu. Ujedno je Nedjelja Bo\u017eje rije\u010di. Sve\u010dana je proslava u na\u0161oj Nadbiskupiji u \u0110akovu, u Katedrali, s po\u010detkom u 18:00 sati meditativnim moljenjem krunice nakon \u010dega slijedi sveta misa koju predslavi vl\u010d. dr. sc. Ivan Benakovi\u0107, nadbiskupijski povjerenik za biblijski pastoral.<\/strong><\/p>\n\n\n\n<p><strong>U subotu nastavljamo sa \u017eupnim katehezama prema uobi\u010dajenom rasporedu, a pod ve\u010dernjom svetom misom molimo za duhovna zvanja budu\u0107i da je prva subota u mjesecu. S po\u010detkom u 11:00 sati, \u010dlanovi udruge Vojske Bezgre\u0161ne slave 18 godina postojanja na \u0161to ste svi pozvani.<\/strong><\/p>\n\n\n\n<p><strong>Sljede\u0107e nedjelje slavimo Prikazanje Gospodinovo \u2013 Svije\u0107nicu. <\/strong><strong>Blagoslov svije\u0107a bit \u0107e pod misama, a svije\u0107e \u0107ete mo\u0107i kupiti prije misa. Ujedno je i prva nedjelja u mjesecu kada se svojim molitvama i nov\u010danim prilozima sje\u0107amo na\u0161ih odgojnih ustanova \u2013&nbsp; sjemeni\u0161ta te molimo za duhovna zvanja. Pod jutarnjom svetom misom molit \u0107emo za dobro\u010dinitelje na\u0161e crkve i samostana.<\/strong><\/p>\n\n\n\n<p><strong>Zahvalni za va\u0161u pomo\u0107 kojom poma\u017eete obnovu na\u0161ih crkava i samostana nastradalih u potresima, preporu\u010damo se i nadalje va\u0161oj dobroti. Svoj nov\u010dani prilog mo\u017eete dati u posebno ozna\u010denu \u0161krabicu pri izlazu iz crkve ili u \u017eupni ured ili direktno uplatiti na ra\u010dun koji se nalazi na plakatu ili letku.<\/strong><\/p>\n\n\n\n<p><strong>Molimo sve vas koji jo\u0161 nemate \u017eupnu obiteljsku knji\u017eicu ili je potrebno upisati promjene u postoje\u0107e, da se javite u \u017eupni ured u uredovno vrijeme.<\/strong><\/p>\n\n\n\n<p><strong>Poti\u010demo zainteresirane za pjevanje i sviranje u na\u0161im crkvenim zborovima da se priklju\u010de te da svojim pjevanjem i sviranjem oboga\u0107uju liturgijska slavlja u na\u0161oj \u017eupi.<\/strong><\/p>\n\n\n\n<p><strong>Kupujte i \u010ditajte katoli\u010dki vjerski tisak.<\/strong><\/p>\n","protected":false},"excerpt":{"rendered":"<p>Slavimo tre\u0107u nedjelju kroz godinu. Ujedno je Nedjelja Bo\u017eje rije\u010di. Sve\u010dana je proslava u na\u0161oj Nadbiskupiji u \u0110akovu, u Katedrali, s po\u010detkom u 18:00 sati meditativnim moljenjem krunice nakon \u010dega slijedi sveta misa koju predslavi vl\u010d. dr. sc. Ivan Benakovi\u0107, nadbiskupijski povjerenik za biblijski pastoral. U subotu nastavljamo sa \u017eupnim katehezama prema uobi\u010dajenom rasporedu, a <a href=\"https:\/\/svetaobitelj.hr\/?p=3603\" class=\"more-link\">[&hellip;]<\/a><\/p>\n","protected":false},"author":2,"featured_media":0,"comment_status":"closed","ping_status":"open","sticky":false,"template":"","format":"standard","meta":{"footnotes":""},"categories":[3],"tags":[],"class_list":["entry","author-","post-3603","post","type-post","status-publish","format-standard","category-zupa"],"_links":{"self":[{"href":"https:\/\/svetaobitelj.hr\/index.php?rest_route=\/wp\/v2\/posts\/3603","targetHints":{"allow":["GET"]}}],"collection":[{"href":"https:\/\/svetaobitelj.hr\/index.php?rest_route=\/wp\/v2\/posts"}],"about":[{"href":"https:\/\/svetaobitelj.hr\/index.php?rest_route=\/wp\/v2\/types\/post"}],"author":[{"embeddable":true,"href":"https:\/\/svetaobitelj.hr\/index.php?rest_route=\/wp\/v2\/users\/2"}],"replies":[{"embeddable":true,"href":"https:\/\/svetaobitelj.hr\/index.php?rest_route=%2Fwp%2Fv2%2Fcomments&post=3603"}],"version-history":[{"count":1,"href":"https:\/\/svetaobitelj.hr\/index.php?rest_route=\/wp\/v2\/posts\/3603\/revisions"}],"predecessor-version":[{"id":3604,"href":"https:\/\/svetaobitelj.hr\/index.php?rest_route=\/wp\/v2\/posts\/3603\/revisions\/3604"}],"wp:attachment":[{"href":"https:\/\/svetaobitelj.hr\/index.php?rest_route=%2Fwp%2Fv2%2Fmedia&parent=3603"}],"wp:term":[{"taxonomy":"category","embeddable":true,"href":"https:\/\/svetaobitelj.hr\/index.php?rest_route=%2Fwp%2Fv2%2Fcategories&post=3603"},{"taxonomy":"post_tag","embeddable":true,"href":"https:\/\/svetaobitelj.hr\/index.php?rest_route=%2Fwp%2Fv2%2Ftags&post=3603"}],"curies":[{"name":"wp","href":"https:\/\/api.w.org\/{rel}","templated":true}]}}