{"id":3598,"date":"2025-01-18T08:35:07","date_gmt":"2025-01-18T07:35:07","guid":{"rendered":"http:\/\/svetaobitelj.hr\/?p=3598"},"modified":"2025-01-18T08:37:36","modified_gmt":"2025-01-18T07:37:36","slug":"zupne-obavijesti2-nedjelja-kroz-godinu","status":"publish","type":"post","link":"https:\/\/svetaobitelj.hr\/?p=3598","title":{"rendered":"\u017dupne obavijesti: 2. nedjelja kroz godinu"},"content":{"rendered":"\n<p><strong>&nbsp;<\/strong><\/p>\n\n\n\n<p><\/p>\n\n\n\n<p><strong>Slavimo drugu nedjelju kroz godinu. Gosti na\u0161e \u017eupe su \u010dlanovi misijske skupine iz susjedne \u017eupe Sv. \u0106irila i Metoda. Pozvani smo svojim molitvama i nov\u010danim prilozima pomo\u0107i djelovanju misionara u Africi.<\/strong><\/p>\n\n\n\n<p><strong>U tijeku je Molitvena osmina za jedinstvo kr\u0161\u0107ana koja zavr\u0161ava u subotu, 25. sije\u010dnja. Raspored bogoslu\u017eja u Osijeku imate na oglasnoj plo\u010di kao i na web stranici na\u0161e Nadbiskupije. U na\u0161oj \u017eupi prigodno molimo pod ve\u010dernjim svetim misama.<\/strong><\/p>\n\n\n\n<p><strong>U \u010detvrtak je redoviti sastanak \u010dlanova na\u0161ih \u017eupnih vije\u0107a u 19:30 sati.<\/strong><\/p>\n\n\n\n<p><strong>Sljede\u0107e nedjelje slavimo tre\u0107u nedjelju kroz godinu. Ujedno je Nedjelja Bo\u017eje rije\u010di. Sve\u010dana proslava u na\u0161oj Nadbiskupiji bit \u0107e toga dana u \u0110akovu, u Katedrali, s po\u010detkom u 18:00 sati meditativnim moljenjem krunice nakon \u010dega slijedi sveta misa koju predslavi vl\u010d. dr. sc. Ivan Benakovi\u0107, nadbiskupijski povjerenik za biblijski pastoral.<\/strong><\/p>\n\n\n\n<p><strong>Zahvalni za va\u0161u pomo\u0107 kojom poma\u017eete obnovu na\u0161ih crkava i samostana nastradalih u potresima, preporu\u010damo se i nadalje va\u0161oj dobroti. Svoj nov\u010dani prilog mo\u017eete dati u posebno ozna\u010denu \u0161krabicu pri izlazu iz crkve ili u \u017eupni ured ili direktno uplatiti na ra\u010dun koji se nalazi na plakatu ili letku.<\/strong><\/p>\n\n\n\n<p><strong>Molimo sve vas koji jo\u0161 nemate \u017eupnu obiteljsku knji\u017eicu ili je potrebno upisati promjene u postoje\u0107e, da se javite u \u017eupni ured u uredovno vrijeme.<\/strong><\/p>\n\n\n\n<p><strong>Poti\u010demo zainteresirane za pjevanje i sviranje u na\u0161im crkvenim zborovima (dje\u010dji, ve\u010dernji i mje\u0161oviti) da se priklju\u010de te da svojim pjevanjem i sviranjem oboga\u0107uju liturgijska slavlja u na\u0161oj \u017eupi.<\/strong><\/p>\n\n\n\n<p><strong>Kupujte i \u010ditajte katoli\u010dki vjerski tisak.<\/strong><\/p>\n","protected":false},"excerpt":{"rendered":"<p>&nbsp; Slavimo drugu nedjelju kroz godinu. Gosti na\u0161e \u017eupe su \u010dlanovi misijske skupine iz susjedne \u017eupe Sv. \u0106irila i Metoda. Pozvani smo svojim molitvama i nov\u010danim prilozima pomo\u0107i djelovanju misionara u Africi. U tijeku je Molitvena osmina za jedinstvo kr\u0161\u0107ana koja zavr\u0161ava u subotu, 25. sije\u010dnja. Raspored bogoslu\u017eja u Osijeku imate na oglasnoj plo\u010di kao <a href=\"https:\/\/svetaobitelj.hr\/?p=3598\" class=\"more-link\">[&hellip;]<\/a><\/p>\n","protected":false},"author":2,"featured_media":0,"comment_status":"closed","ping_status":"open","sticky":false,"template":"","format":"standard","meta":{"footnotes":""},"categories":[3],"tags":[],"class_list":["entry","author-","post-3598","post","type-post","status-publish","format-standard","category-zupa"],"_links":{"self":[{"href":"https:\/\/svetaobitelj.hr\/index.php?rest_route=\/wp\/v2\/posts\/3598","targetHints":{"allow":["GET"]}}],"collection":[{"href":"https:\/\/svetaobitelj.hr\/index.php?rest_route=\/wp\/v2\/posts"}],"about":[{"href":"https:\/\/svetaobitelj.hr\/index.php?rest_route=\/wp\/v2\/types\/post"}],"author":[{"embeddable":true,"href":"https:\/\/svetaobitelj.hr\/index.php?rest_route=\/wp\/v2\/users\/2"}],"replies":[{"embeddable":true,"href":"https:\/\/svetaobitelj.hr\/index.php?rest_route=%2Fwp%2Fv2%2Fcomments&post=3598"}],"version-history":[{"count":2,"href":"https:\/\/svetaobitelj.hr\/index.php?rest_route=\/wp\/v2\/posts\/3598\/revisions"}],"predecessor-version":[{"id":3602,"href":"https:\/\/svetaobitelj.hr\/index.php?rest_route=\/wp\/v2\/posts\/3598\/revisions\/3602"}],"wp:attachment":[{"href":"https:\/\/svetaobitelj.hr\/index.php?rest_route=%2Fwp%2Fv2%2Fmedia&parent=3598"}],"wp:term":[{"taxonomy":"category","embeddable":true,"href":"https:\/\/svetaobitelj.hr\/index.php?rest_route=%2Fwp%2Fv2%2Fcategories&post=3598"},{"taxonomy":"post_tag","embeddable":true,"href":"https:\/\/svetaobitelj.hr\/index.php?rest_route=%2Fwp%2Fv2%2Ftags&post=3598"}],"curies":[{"name":"wp","href":"https:\/\/api.w.org\/{rel}","templated":true}]}}