{"id":3562,"date":"2024-12-26T20:33:31","date_gmt":"2024-12-26T19:33:31","guid":{"rendered":"http:\/\/svetaobitelj.hr\/?p=3562"},"modified":"2024-12-26T23:48:52","modified_gmt":"2024-12-26T22:48:52","slug":"polnocke-3","status":"publish","type":"post","link":"https:\/\/svetaobitelj.hr\/?p=3562","title":{"rendered":"POLNO\u0106KE"},"content":{"rendered":"\n<figure class=\"wp-block-image size-large\"><img loading=\"lazy\" decoding=\"async\" width=\"1024\" height=\"1024\" src=\"http:\/\/svetaobitelj.hr\/wp-content\/uploads\/2024\/12\/slika2-1024x1024.jpg\" alt=\"\" class=\"wp-image-3564\" srcset=\"https:\/\/svetaobitelj.hr\/wp-content\/uploads\/2024\/12\/slika2-1024x1024.jpg 1024w, https:\/\/svetaobitelj.hr\/wp-content\/uploads\/2024\/12\/slika2-300x300.jpg 300w, https:\/\/svetaobitelj.hr\/wp-content\/uploads\/2024\/12\/slika2-150x150.jpg 150w, https:\/\/svetaobitelj.hr\/wp-content\/uploads\/2024\/12\/slika2-768x768.jpg 768w, https:\/\/svetaobitelj.hr\/wp-content\/uploads\/2024\/12\/slika2-1536x1536.jpg 1536w, https:\/\/svetaobitelj.hr\/wp-content\/uploads\/2024\/12\/slika2.jpg 2048w\" sizes=\"auto, (max-width: 1024px) 100vw, 1024px\" \/><\/figure>\n\n\n\n<p>Radost i\u0161\u010dekivanja Bo\u017ei\u0107a zapo\u010deli smo prije tzv. dje\u010dje polno\u0107ke uno\u0161enjem Betlehemskog svjetla, \u0161to su nam ga donijeli izvi\u0111a\u010di, te dje\u010djom priredbom. Fra Dragutin predvodio je misu u 20:00 sati, pod kojom je une\u0161en i maleni Isus i stavljen u jaslice, te misu u pola no\u0107i.<\/p>\n\n\n\n<figure class=\"wp-block-image size-large\"><img loading=\"lazy\" decoding=\"async\" width=\"1024\" height=\"1024\" src=\"http:\/\/svetaobitelj.hr\/wp-content\/uploads\/2024\/12\/slika1-1024x1024.jpg\" alt=\"\" class=\"wp-image-3563\" srcset=\"https:\/\/svetaobitelj.hr\/wp-content\/uploads\/2024\/12\/slika1-1024x1024.jpg 1024w, https:\/\/svetaobitelj.hr\/wp-content\/uploads\/2024\/12\/slika1-300x300.jpg 300w, https:\/\/svetaobitelj.hr\/wp-content\/uploads\/2024\/12\/slika1-150x150.jpg 150w, https:\/\/svetaobitelj.hr\/wp-content\/uploads\/2024\/12\/slika1-768x768.jpg 768w, https:\/\/svetaobitelj.hr\/wp-content\/uploads\/2024\/12\/slika1-1536x1536.jpg 1536w, https:\/\/svetaobitelj.hr\/wp-content\/uploads\/2024\/12\/slika1.jpg 2048w\" sizes=\"auto, (max-width: 1024px) 100vw, 1024px\" \/><\/figure>\n\n\n\n<figure class=\"wp-block-image size-large\"><img loading=\"lazy\" decoding=\"async\" width=\"1024\" height=\"1024\" src=\"http:\/\/svetaobitelj.hr\/wp-content\/uploads\/2024\/12\/slika3-1024x1024.jpg\" alt=\"\" class=\"wp-image-3565\" srcset=\"https:\/\/svetaobitelj.hr\/wp-content\/uploads\/2024\/12\/slika3-1024x1024.jpg 1024w, https:\/\/svetaobitelj.hr\/wp-content\/uploads\/2024\/12\/slika3-300x300.jpg 300w, https:\/\/svetaobitelj.hr\/wp-content\/uploads\/2024\/12\/slika3-150x150.jpg 150w, https:\/\/svetaobitelj.hr\/wp-content\/uploads\/2024\/12\/slika3-768x768.jpg 768w, https:\/\/svetaobitelj.hr\/wp-content\/uploads\/2024\/12\/slika3-1536x1536.jpg 1536w, https:\/\/svetaobitelj.hr\/wp-content\/uploads\/2024\/12\/slika3.jpg 2048w\" sizes=\"auto, (max-width: 1024px) 100vw, 1024px\" \/><\/figure>\n\n\n\n<p><strong>Poruka Urbi et orbi Svetoga Oca Franje<\/strong><\/p>\n\n\n\n<p><strong>Bo\u017ei\u0107 2024. godine<\/strong><\/p>\n\n\n\n<p><em>Sredi\u0161nja lo\u017ea vatikanske bazilike<\/em><\/p>\n\n\n\n<p><em>25. prosinca 2024.<\/em><\/p>\n\n\n\n<p>Draga bra\u0107o i sestre, sretan Bo\u017ei\u0107!<\/p>\n\n\n\n<p>Ve\u010deras se obnovilo otajstvo koje nas ne prestaje odu\u0161evljavati i u srcu izazivati ganu\u0107e: Djevica Marija rodila je Isusa, Sina Bo\u017ejega, povila ga u pelene i polo\u017eila u jasle. Tako su ga prona\u0161li betlehemski pastiri, puni radosti, dok su an\u0111eli pjevali: \u201eSlava Bogu i mir ljudima\u201c (usp.&nbsp;<em>Lk<\/em>&nbsp;2, 6-14). Mir ljudima.<\/p>\n\n\n\n<p>D\u00e0, ovaj doga\u0111aj, koji se zbio prije vi\u0161e od dvije tisu\u0107e godina, obnavlja se djelovanjem Duha Svetoga, istog Duha Ljubavi i \u017divota koji je oplodio Marijino krilo i sazdao Isusa od njezina ljudskog tijela. I tako danas, u nevoljama ovog na\u0161eg vremena, ponovno se i zbiljski utjelovljuje vje\u010dna Rije\u010d spasenja, koja govori svakom mu\u0161karcu i svakoj \u017eeni, koja govori \u010ditavomu svijetu \u2013 ovo je ta poruka: \u201eLjubim te, opra\u0161tam ti, vrati se k meni, vrata moga srca su otvorena za tebe!\u201c<\/p>\n\n\n\n<p>Bra\u0107o i sestre, vrata Bo\u017ejeg srca uvijek su otvorena, vratimo se Njemu! Vratimo se srcu koje nas ljubi i opra\u0161ta nam! Bog uvijek opra\u0161ta, Bog opra\u0161ta sve! Dopustimo da nam On oprosti!<\/p>\n\n\n\n<p>To zna\u010de Sveta vrata Jubileja, koja sam ju\u010der nave\u010der otvorio ovdje u Svetom Petru: ona predstavljaju Isusa, Vrata spasenja otvorena za sve. Isus je Vrata, On je Vrata koja je milosrdni Otac otvorio usred svijeta, usred povijesti, da se svi mo\u017eemo vratiti Njemu. Svi smo poput izgubljenih ovaca i trebamo jednog Pastira i jedna Vrata za povratak u O\u010devu ku\u0107u. Isus je Pastir, Isus je Vrata.<\/p>\n\n\n\n<p>Bra\u0107o i sestre, ne bojte se! Vrata su otvorena, Vrata su \u0161irom otvorena! Ne trebamo kucati. Otvorena su. Do\u0111ite! Dopustimo si pomiriti se s Bogom i tada \u0107emo se pomiriti sa samima sobom i mo\u0107i \u0107emo se pomiriti jedni s drugima, pa i s na\u0161im neprijateljima. Bo\u017eje milosr\u0111e mo\u017ee sve, razvezuje svaki \u010dvor, ru\u0161i svaki zid podjele, raspr\u0161uje mr\u017enju i duh osvete. Do\u0111ite! Isus je Vrata mira.<\/p>\n\n\n\n<p>Mi se \u010desto zaustavljamo na pragu; nemamo hrabrosti prije\u0107i taj prag, jer nas to stavlja pred jedan izazov. Ulazak kroz Vrata zahtijeva \u017ertvu \u2013 malu \u017ertvu \u2013 koja se sastoji u tome da u\u010dinimo jedan korak, da ostavimo iza sebe sporove i podjele, kako bi se prepustili ra\u0161irenim rukama Djeteta koje je Knez mira. Na ovaj Bo\u017ei\u0107, na po\u010detku Jubilarne godine, pozivam svaku osobu, svaki narod i dr\u017eavu da imaju hrabrosti pro\u0107i kroz Vrata, postati hodo\u010dasnici nade, u\u010diniti da oru\u017eje utihne i nadvladati podjele!<\/p>\n\n\n\n<p>Neka utihne oru\u017eje u napa\u0107enoj Ukrajini! Neka se tamo smogne hrabrosti otvoriti vrata pregovorima i gestama dijaloga i susreta, kako bi se postigao pravedan i trajan mir.<\/p>\n\n\n\n<p>Neka utihne oru\u017eje na Bliskom istoku! Pogleda uprta u betlehemsku kolijevku, u mislima sam s kr\u0161\u0107anskim zajednicama u Izraelu i Palestini, posebno u Gazi, gdje je humanitarna situacija jako te\u0161ka. Neka do\u0111e do prekida vatre, neka se oslobode taoci i neka se pomogne stanovni\u0161tvu iscrpljenom gla\u0111u i ratom. Izra\u017eavam tako\u0111er svoju blizinu kr\u0161\u0107anskoj zajednici u Libanonu, posebno na jugu, kao i kr\u0161\u0107anskoj zajednici u Siriji, u ovom tako osjetljivom trenutku. Neka se otvore vrata dijaloga i mira u cijeloj toj regiji, razdiranoj sukobom. \u017delim tako\u0111er spomenuti libijski narod i ohrabriti ga da tra\u017ei rje\u0161enja koja \u0107e omogu\u0107iti nacionalno pomirenje.<\/p>\n\n\n\n<p>Neka Spasiteljevo ro\u0111enje donese vrijeme nade obiteljima tisu\u0107a djece koja umiru od epidemije ospica u Demokratskoj Republici Kongo, kao i stanovni\u0161tvu na istoku te zemlje i stanovni\u0161tvu Burkine Faso, Malija, Nigera i Mozambika. Humanitarna kriza koja ih poga\u0111a u prvom je redu uzrokovana oru\u017eanim sukobima i po\u0161a\u0161\u0107u terorizma, a pogor\u0161ana je razornim u\u010dincima klimatskih promjena, koje uzrokuju gubitak ljudskih \u017eivota i dovode do raseljavanja milijuna ljudi. U mislima mi je tako\u0111er stanovni\u0161tvo zemalja Roga Afrike za koje molim darove mira, sloge i bratstva. Neka Sin Svevi\u0161njega podr\u017ei napore me\u0111unarodne zajednice da se olak\u0161a pristup humanitarnoj pomo\u0107i civilnom stanovni\u0161tvu Sudana i otpo\u010dnu novi pregovori s ciljem prekida vatre.<\/p>\n\n\n\n<p>Neka navje\u0161taj Bo\u017ei\u0107a donese utjehu stanovnicima Mjanmara, koji zbog neprekidnih oru\u017eanih sukoba podnose ozbiljne patnje i prisiljeni su napu\u0161tati svoje domove.<\/p>\n\n\n\n<p>Neka Dijete Isus nadahne politi\u010dke vlasti i sve ljude dobre volje na ameri\u010dkom kontinentu, kako bi se \u0161to prije prona\u0161la u\u010dinkovita rje\u0161enja u istini i pravdi, kako bi se promicao dru\u0161tveni sklad, osobito na Haitiju, u Venezueli, Kolumbiji i Nikaragvi, te kako bi se, osobito u ovoj Jubilarnoj godini, poradilo na izgradnji op\u0107eg dobra i ponovnom otkrivanju dostojanstva svake osobe, nadilaze\u0107i politi\u010dke podjele.<\/p>\n\n\n\n<p>Neka Jubilej bude prigoda da se sru\u0161e svi zidovi razdvajanja: oni ideolo\u0161ki, koji tako \u010desto obilje\u017eavaju politi\u010dki \u017eivot, i oni fizi\u010dki, poput podjele koja ve\u0107 pedeset godina poga\u0111a otok Cipar i koja razdire njegovo ljudsko i dru\u0161tveno tkivo. Nadam se da \u0107e se uspjeti do\u0107i do zajedni\u010dkog rje\u0161enja, kojim \u0107e se okon\u010dati podjelu uz puno po\u0161tivanje prava i dostojanstva svih ciparskih zajednica.<\/p>\n\n\n\n<p>Isus, vje\u010dna Bo\u017eja Rije\u010d koja je postala \u010dovjekom, predstavlja \u0161irom otvorena Vrata kroz koja smo pozvani pro\u0107i kako bismo ponovno otkrili smisao na\u0161eg postojanja i svetost svakog \u017eivota&nbsp; svaki \u017eivot je svet \u2013 te potvrdili temeljne vrijednosti ljudske obitelji. On nas \u010deka na pragu. \u010ceka svakoga od nas, posebno najslabije: \u010deka djecu, svu djecu koja trpe zbog rata i gladi; \u010deka starije osobe, \u010desto prisiljene \u017eivjeti u uvjetima samo\u0107e i napu\u0161tenosti; \u010deka one koji su izgubili svoje domove ili bje\u017ee iz svoje zemlje, u poku\u0161aju da prona\u0111u sigurno uto\u010di\u0161te; \u010deka one koji su ostali bez posla ili ne uspijevaju prona\u0107i posao; \u010deka zatvorenike koji, unato\u010d svemu, uvijek ostaju djeca Bo\u017eja; \u010deka one \u2013 a njih je mnogo \u2013 koji su progonjeni zbog svoje vjere.<\/p>\n\n\n\n<p>Neka na ovaj blagdan ne izostane na\u0161a zahvalnost onima koji se tiho i predano trude oko dobra: mislim na roditelje, odgojitelje i u\u010ditelje, koji imaju veliku odgovornost odgajanja budu\u0107ih nara\u0161taja; mislim na zdravstvene djelatnike, pripadnike redarstvenih snaga, one koji se bave karitativnim djelovanjem, posebno na misionare rasute diljem svijeta, koji donose svjetlo i utjehu mnogim ljudima u pote\u0161ko\u0107ama. Svima njima \u017eelimo re\u0107i:&nbsp;<em>hvala<\/em>!<\/p>\n\n\n\n<p>Bra\u0107o i sestre, neka Jubilej bude prilika za oprost dugova, osobito onih koji optere\u0107uju najsiroma\u0161nije zemlje. Svi su pozvani opra\u0161tati primljene uvrede, jer Sin Bo\u017eji, ro\u0111en u hladno\u0107i i tami no\u0107i, opra\u0161ta sve na\u0161e dugove. On je do\u0161ao izlije\u010diti nas i oprostiti nam. Po\u0111imo mu ususret kao hodo\u010dasnici nade! Otvorimo mu vrata svoga srca, kao \u0161to je On nama otvorio vrata svoga Srca.<\/p>\n\n\n\n<p>Svima \u017eelim miran i svet Bo\u017ei\u0107.<\/p>\n","protected":false},"excerpt":{"rendered":"<p>Radost i\u0161\u010dekivanja Bo\u017ei\u0107a zapo\u010deli smo prije tzv. dje\u010dje polno\u0107ke uno\u0161enjem Betlehemskog svjetla, \u0161to su nam ga donijeli izvi\u0111a\u010di, te dje\u010djom priredbom. Fra Dragutin predvodio je misu u 20:00 sati, pod kojom je une\u0161en i maleni Isus i stavljen u jaslice, te misu u pola no\u0107i. Poruka Urbi et orbi Svetoga Oca Franje Bo\u017ei\u0107 2024. godine <a href=\"https:\/\/svetaobitelj.hr\/?p=3562\" class=\"more-link\">[&hellip;]<\/a><\/p>\n","protected":false},"author":2,"featured_media":0,"comment_status":"closed","ping_status":"open","sticky":false,"template":"","format":"standard","meta":{"footnotes":""},"categories":[3],"tags":[],"class_list":["entry","author-","post-3562","post","type-post","status-publish","format-standard","category-zupa"],"_links":{"self":[{"href":"https:\/\/svetaobitelj.hr\/index.php?rest_route=\/wp\/v2\/posts\/3562","targetHints":{"allow":["GET"]}}],"collection":[{"href":"https:\/\/svetaobitelj.hr\/index.php?rest_route=\/wp\/v2\/posts"}],"about":[{"href":"https:\/\/svetaobitelj.hr\/index.php?rest_route=\/wp\/v2\/types\/post"}],"author":[{"embeddable":true,"href":"https:\/\/svetaobitelj.hr\/index.php?rest_route=\/wp\/v2\/users\/2"}],"replies":[{"embeddable":true,"href":"https:\/\/svetaobitelj.hr\/index.php?rest_route=%2Fwp%2Fv2%2Fcomments&post=3562"}],"version-history":[{"count":2,"href":"https:\/\/svetaobitelj.hr\/index.php?rest_route=\/wp\/v2\/posts\/3562\/revisions"}],"predecessor-version":[{"id":3571,"href":"https:\/\/svetaobitelj.hr\/index.php?rest_route=\/wp\/v2\/posts\/3562\/revisions\/3571"}],"wp:attachment":[{"href":"https:\/\/svetaobitelj.hr\/index.php?rest_route=%2Fwp%2Fv2%2Fmedia&parent=3562"}],"wp:term":[{"taxonomy":"category","embeddable":true,"href":"https:\/\/svetaobitelj.hr\/index.php?rest_route=%2Fwp%2Fv2%2Fcategories&post=3562"},{"taxonomy":"post_tag","embeddable":true,"href":"https:\/\/svetaobitelj.hr\/index.php?rest_route=%2Fwp%2Fv2%2Ftags&post=3562"}],"curies":[{"name":"wp","href":"https:\/\/api.w.org\/{rel}","templated":true}]}}