{"id":3555,"date":"2024-12-24T11:56:12","date_gmt":"2024-12-24T10:56:12","guid":{"rendered":"https:\/\/svetaobitelj.hr\/?p=3555"},"modified":"2024-12-24T12:20:45","modified_gmt":"2024-12-24T11:20:45","slug":"3555","status":"publish","type":"post","link":"https:\/\/svetaobitelj.hr\/?p=3555","title":{"rendered":"Okru\u017enica"},"content":{"rendered":"\n<p>Sveta godina Redovitoga jubileja 2025. u \u0110akova\u010dko-osje\u010dkoj nadbiskupiji; &#8211; okru\u017enica Svim sve\u0107enicima, zajednicama posve\u0107enoga \u017eivota, svim vjernicima u \u0110akova\u010dko-osje\u010dkoj nadbiskupiji<\/p>\n\n\n\n<p><strong>Draga bra\u0107o i sestre!<\/strong><br>\u010clanovi smo jedne, svete, katoli\u010dke i apostolske Crkve, koja \u017eivi i ostvaruje se u pojedinim biskupijskim zajednicama. Zajedno sa sveop\u0107om Crkvom i na\u0161a \u0107e nadbiskupijska zajednica slaviti redovitu jubilejsku 2025. godinu, koja \u0107e se odvijati pod geslom Hodo\u010dasnici nade.<br><strong>Otvorenje Jubilejske godine u \u0110akova\u010dko-osje\u010dkoj nadbiskupiji. <\/strong>U skladu s bulom pape Franje od 9. svibnja 2024. godine Spes non confundit \u2013 Nada ne posti\u0111uje (Rim 5,5),&nbsp;kojom je proglasio Redoviti jubilej godine 2025., u na\u0161oj \u0107emo nadbiskupiji Jubilejsku godinu otvoriti u nedjelju, 29. prosinca 2024., u prvostolnici sv. Petra u \u0110akovu i u konkatedrali sv. Petra i Pavla u Osijeku. Na euharistijsko slavlje otvorenja Jubilejske godine u \u0110akovu pozivamo sve vjernike dviju \u0111akova\u010dkih \u017eupa i druge vjernike i sve\u0107enike iz \u017eupa \u0110akova\u010dkog dekanata te sve sve\u0107enike i redovnice u \u0110akovu. Okupljanje je u samostanskoj crkvi Presvetoga Srca Isusova, gdje u 10.30 zapo\u010dinje postajna liturgija i procesija prema katedrali sv. Petra. Na liturgiju otvorenja Jubilejske godine u Osijeku pozivamo sve vjernike, sve\u0107enike, redovnike i redovnice grada Osijeka u kapucinsku crkvu sv. Jakova, apostola. Ondje \u0107e u 18.00 sati zapo\u010deti postajna liturgija prema konkatedrali sv. Petra i Pavla. Jubilejsku \u0107emo godinu u na\u0161oj nadbiskupiji zavr\u0161iti u nedjelju, 28. prosinca 2025.<br><strong>Oprosne crkve u \u0110akova\u010dko-osje\u010dkoj nadbiskupiji. <\/strong>U skladu s dekretom Apostolske pokorni\u010darne od 13. svibnja 2024. o podjeli oprosta tijekom redovite Jubilejske godine 2025., odre\u0111ujemo da \u0107e crkve u kojima vjernici mogu (u skladu s uobi\u010dajenim uputama: sakramentalna ispovijed, sv. pri\u010dest i molitva na nakanu Svetoga Oca) u na\u0161oj \u0110akova\u010dko-osje\u010dkoj nadbiskupiji dobiti jubilejski oprost biti sljede\u0107e:<\/p>\n\n\n\n<ol class=\"wp-block-list\"><li>katedrala sv. Pera, apostola, u \u0110akovu; <\/li><li>konkatedrala sv. Petra i Pavla, apostola, u Osijeku; <\/li><li>\u010detiri marijanska sveti\u0161ta: Gospe Brze Pomo\u0107i u Sl. Brodu, Gospe od Uto\u010di\u0161ta u Aljma\u0161u, Gospe Ila\u010dke u Ila\u010di i Gospe \u0160umanova\u010dke u Gunji; <\/li><li>sve crkve u nadbiskupiji na dan slavlja njihova nebeskoga za\u0161titnika.<\/li><\/ol>\n\n\n\n<p><strong>Slavlje sakramenta pomirenja.<\/strong> Sve sve\u0107enike, a osobito \u017eupnike i upravitelje sveti\u0161ta oprosnih crkava, molimo da velikodu\u0161nom dostupno\u0161\u0107u i predano\u0161\u0107u vjernicima pru\u017ee naj\u0161iru mogu\u0107nost kori\u0161tenja sredstava spasenja tako da na vrijeme naprave plan i raspored ispovijedanja i pokorni\u010dkih slavlja te da javno objave vrijeme kad \u0107e se u navedenim crkvama i sveti\u0161tima mo\u0107i pristupiti sakramentu pomirenja. Sve sve\u0107enike, uklju\u010duju\u0107i i umirovljene, molimo da budu velikodu\u0161no dostupni vjernicima za slavlje sakramenta pomirenja te da se rado odazovu na poziv bra\u0107e kojima je potrebna pomo\u0107 ispovjednika u navedenim crkvama i sveti\u0161tima. <br><strong>Prigodna biblijska, teolo\u0161ka, pastoralno-katehetska i molitvena gra\u0111a. <\/strong>Zajedno s biskupom i svi su sve\u0107enici nositelji trostruke slu\u017ebe pou\u010davanja, upravljanja i posve\u0107ivanja. Stoga profesore KBF-a u \u0110akovu i sve druge sve\u0107enike te teolo\u0161ki obrazovane vjernike laike molimo da velikodu\u0161no i rado ponude prikladnu biblijsku, teolo\u0161ku, pastoralno-katehetsku i molitvenu gra\u0111u o temama koje predla\u017ee bula pape Franje Spes non confundit \u2013 Nada ne posti\u0111uje; da prigodnim predavanjima, katehezama i pisanom rije\u010dju u srcima vjernika bude \u017eelju za dobivanjem milosnih darova oprosta posredovanjem Crkve te da nude tuma\u010denje predlo\u017eenih odredbi i na\u010dela za posve\u0107enje vjernika o kojima govori Dekret Apostolske pokorni\u010darne o podjeli oprosta tijekom jubilejske godine. Istodobno ih molimo da ponude i produbljenje tema te prikladnu gra\u0111u veznu uz sadr\u017eaje i naglaske Pastirskog pisma biskup\u00e2 HBK-a i BK-a BiH Na kr\u0161\u0107anskim temeljima, u zajedni\u0161tvu Crkve, hodo\u010dasnici nade, objavljenoga uz 1100. obljetnicu splitskih crkvenih sabora i hrvatskoga kraljevstva, uz 1700. obljetnicu Prvog sveop\u0107eg, ekumenskog koncila u Niceji te uz 60. obljetnicu zavr\u0161etka Drugoga vatikanskog sabora. Elektroni\u010dka sredstva dru\u0161tvenoga priop\u0107avanja, nadbiskupijski mjese\u010dnik za pastoralnu orijentaciju sve\u0107enika i pastoralnih suradnika Vjesnik \u0110akova\u010dko-osje\u010dke nadbiskupije, \u017eupne i druge prigodne tiskovine pru\u017eaju nam velike mogu\u0107nosti da takvi vrijedni sadr\u017eaji do\u0111u do \u0161to \u0161irih slojeva vjernika te nam svima pomognu u razli\u010ditim oblicima neposrednog pastoralno-katehetskog i molitvenog \u017eivota i djelovanja u \u017eupnim i drugim crkvenim zajednicama.<\/p>\n\n\n\n<p><strong>Nacionalno hodo\u010da\u0161\u0107e u Rim. <\/strong>Hrvatski biskupi su povodom Redovitog jubileja 2025. godine dogovorili i pozvali vjernike na nacionalno hrvatsko hodo\u010da\u0161\u0107e u Rim od 5. do 11. listopada 2025. godine. U vidu priprave i organizacije hodo\u010da\u0161\u0107a vjernika iz na\u0161e \u0110akova\u010dko-osje\u010dke nadbiskupije oformili smo i prigodno Nadbiskupijsko povjerenstvo za hodo\u010da\u0161\u0107e u Rim. Ono je ve\u0107 poduzelo potrebne i zasad mogu\u0107e korake u pripravi hodo\u010da\u0161\u0107a. Ovih \u0107e vam dana biti poslan i zaseban dopis s informacijama s kojima zasad raspola\u017eemo. Sve \u017eupne urede molimo da \u0161to prije zapo\u010dnu s upisom hodo\u010dasnika te da se pridr\u017eavaju svih uputa na\u0161ega Nadbiskupijskoga povjerenstva.<br><strong>Hodo\u010da\u0161\u0107e u Tomislavgrad. <\/strong>Povodom 1100. obljetnice od odr\u017eavanja splitskih crkvenih sabora iz vremena kraja Tomislava biskupi iz BiH pozivaju na hodo\u010da\u0161\u0107e u subotu 5. srpnja 2025. u Tomislavgrad. Sve \u017eupe molimo da, u suradnji s drugim \u017eupama iz dekanata, organiziraju hodo\u010da\u0161\u0107e svojih \u017eupljana koji \u017eele sudjelovati na slavlju u Tomislavgradu.<br><strong>Posveta Presvetomu Srcu Isusovu. <\/strong>Hrvatski su biskupi, potaknuti od brojnih vjernika, odlu\u010dili da u Jubilejskoj godini, na svetkovinu Presvetoga Srca Isusova, 27. lipnja 2025., obnovimo nacionalnu posvetu hrvatskoga naroda i hrvatske domovine Presvetomu Srcu Isusovu, koje je izvor na\u0161e kr\u0161\u0107anske vjere. Ta je vjera plod dara Bo\u017eje ljubavi u Isusu Kristu, izlivena u na\u0161a srca po Duhu Svetome. Ona je temelj na\u0161eg vjerni\u010dkog, nacionalnog i kulturnog identiteta te na\u0161e vjernosti Katoli\u010dkoj Crkvi. Zato \u0107emo na ve\u010dernjim euharistijskim slavljima toga dana, u svim na\u0161im \u017eupnim crkvama, u katedrali u \u0110akovu i konkatedrali u Osijeku obnoviti posvetu hrvatskoga naroda i hrvatske domovine Presvetomu Srcu Isusovu. Svi \u0107emo na vrijeme dobiti prigodne upute i tekst posvetne molitve.<br><strong>Nadbiskupijska hodo\u010da\u0161\u0107a u katedralu sv. Petra u \u0110akovu i konkatedralu sv. Petra i Pavla u Osijeku. <\/strong> Zbog navedenih hodo\u010da\u0161\u0107a na nacionalnoj razini, zbog velike posje\u0107enosti marijanskih sveti\u0161ta u hodo\u010dasni\u010dke dane i \u010dinjenice da \u0107e \u010dak \u010detiri od marijanskih sveti\u0161ta u na\u0161oj nadbiskupiji tijekom Redovitog jubileja 2025. biti oprosne crkve, te da smo povodom Jubileja milosr\u0111a 2016. godine imali hodo\u010da\u0161\u0107a vjernika iz svih dekanata i \u017eupa u prvostolnicu sv. Petra u \u0110akovu, odlu\u010dili smo organizirati po dva nadbiskupijska hodo\u010da\u0161\u0107a u katedralu i konkatedralu. Sve vjernike u \u0110akova\u010dko-osje\u010dkoj nadbiskupiji pozivamo da sudjeluju na jednome od sljede\u0107ih hodo\u010dasni\u010dkih okupljanja i euharistijskih slavlja.<br>\uf0b7 Na hodo\u010da\u0161\u0107e u katedralu u \u0110akovu pozivamo sve vjernike na svetkovinu njezina nebeskog za\u0161titnika sv. Petra, apostola, 29. lipnja 2025. dopodne (euharistijsko slavlje u 10.30) i na godi\u0161njicu njezine posvete, 1. listopada 2025. popodne (euharistijsko slavlje u 18.30). Na 32. nedjelju kroz godinu (Nadbiskupijska nedjelja bra\u010dnih jubileja), 9. studenoga 2025., pozivamo u katedralu u \u0110akovu sve bra\u010dne parove koji tijekom 2025. obilje\u017eavaju 10, 25, 50, 60 ili vi\u0161e godina bra\u010dnoga zajedni\u0161tva i \u010dlanove njihovih obitelji.<br>\uf0b7 Na hodo\u010da\u0161\u0107e u konkatedralu u Osijeku pozivamo na slavlje 125. obljetnice njezine posvete 18. svibnja 2025. popodne (euharistijsko slavlje u 18.30) te na svetkovinu njezinih nebeskih za\u0161titnika sv. Petra i Pavla, apostola, 29. lipnja 2025. popodne (euharistijsko slavlje u 18.30). <br><strong>Nadbiskupijska hodo\u010da\u0161\u0107a u oprosna marijanska sveti\u0161ta. <\/strong>U marijanska sveti\u0161ta pozivamo na hodo\u010da\u0161\u0107e o svetkovini Uznesenja BDM u nebo 14. i 15. kolovoza 2025. Svako \u0107e sveti\u0161te na vrijeme objaviti svoj hodo\u010dasni\u010dki program. Uz navedena, najavljujemo i sljede\u0107a okupljanja u marijanskim sveti\u0161tima:<br>\uf0b7 svakoga 8. dana u mjesecu kroz sve mjesece u godini: hodo\u010da\u0161\u0107e svih vjernika u sveti\u0161te Gospe Brze Pomo\u0107i u Sl. Brodu;<br>\uf0b7 8. travnja 2025. hodo\u010da\u0161\u0107e u sveti\u0161te Gospe Brze Pomo\u0107i u Sl. Brodu; posebno pozivamo obitelji s petero i vi\u0161e djece te korisnike pomo\u0107i Caritasa iz Slavonskobrodskog, Sibinjskog, Gar\u010dinskog Velikokopani\u010dkog i \u0110akova\u010dkog dekanata;<br>\uf0b7 31. svibnja 2025. hodo\u010da\u0161\u0107e u sveti\u0161te Gospe od Uto\u010di\u0161ta u Aljma\u0161u: obitelji s petero i vi\u0161e djece te korisnici pomo\u0107i Caritasa iz Osje\u010dkog isto\u010dnog, Osje\u010dkog zapadnog, \u010cepinskog, Donjomiholja\u010dkog, Valpova\u010dkog i Baranjskog dekanata;<br>\uf0b7 27. rujna 2025. hodo\u010da\u0161\u0107e u sveti\u0161te Gospe \u0160umanova\u010dke: obitelji s petero i vi\u0161e djece te korisnici pomo\u0107i Caritasa iz Vinkova\u010dkog, Oto\u010dkog, \u017dupanjskog, Drenova\u010dkog i Vukovarskog dekanata.<br>Kalendarom susreta predvi\u0111en je niz nadbiskupijskih i regionalnih okupljanja razli\u010ditih skupina vjernika. I ta \u0107e okupljanja dobiti intonaciju jubilejske godine te \u0107e biti povezana i s pohodima oprosnim crkvama. Detaljnije informacije o programu na vrijeme \u0107e dostaviti nadbiskupijski povjerenici u suradnji s Nadbiskupijskim pastoralnim centrom. Neka vas u sve dane Jubilejske godine prati iskustvo blizine Emanuela \u2013 Boga s nama i obnovi obilje darova oprosne milosti.<\/p>\n\n\n\n<p>vl\u010d. mr. Dario Hrga, kancelar;  \u2720 \u0110uro Hrani\u0107, nadbiskup metropolit<\/p>\n","protected":false},"excerpt":{"rendered":"<p>Sveta godina Redovitoga jubileja 2025. u \u0110akova\u010dko-osje\u010dkoj nadbiskupiji; &#8211; okru\u017enica Svim sve\u0107enicima, zajednicama posve\u0107enoga \u017eivota, svim vjernicima u \u0110akova\u010dko-osje\u010dkoj nadbiskupiji Draga bra\u0107o i sestre!\u010clanovi smo jedne, svete, katoli\u010dke i apostolske Crkve, koja \u017eivi i ostvaruje se u pojedinim biskupijskim zajednicama. Zajedno sa sveop\u0107om Crkvom i na\u0161a \u0107e nadbiskupijska zajednica slaviti redovitu jubilejsku 2025. godinu, koja <a href=\"https:\/\/svetaobitelj.hr\/?p=3555\" class=\"more-link\">[&hellip;]<\/a><\/p>\n","protected":false},"author":2,"featured_media":0,"comment_status":"closed","ping_status":"open","sticky":false,"template":"","format":"standard","meta":{"footnotes":""},"categories":[3],"tags":[],"class_list":["entry","author-","post-3555","post","type-post","status-publish","format-standard","category-zupa"],"_links":{"self":[{"href":"https:\/\/svetaobitelj.hr\/index.php?rest_route=\/wp\/v2\/posts\/3555","targetHints":{"allow":["GET"]}}],"collection":[{"href":"https:\/\/svetaobitelj.hr\/index.php?rest_route=\/wp\/v2\/posts"}],"about":[{"href":"https:\/\/svetaobitelj.hr\/index.php?rest_route=\/wp\/v2\/types\/post"}],"author":[{"embeddable":true,"href":"https:\/\/svetaobitelj.hr\/index.php?rest_route=\/wp\/v2\/users\/2"}],"replies":[{"embeddable":true,"href":"https:\/\/svetaobitelj.hr\/index.php?rest_route=%2Fwp%2Fv2%2Fcomments&post=3555"}],"version-history":[{"count":6,"href":"https:\/\/svetaobitelj.hr\/index.php?rest_route=\/wp\/v2\/posts\/3555\/revisions"}],"predecessor-version":[{"id":3561,"href":"https:\/\/svetaobitelj.hr\/index.php?rest_route=\/wp\/v2\/posts\/3555\/revisions\/3561"}],"wp:attachment":[{"href":"https:\/\/svetaobitelj.hr\/index.php?rest_route=%2Fwp%2Fv2%2Fmedia&parent=3555"}],"wp:term":[{"taxonomy":"category","embeddable":true,"href":"https:\/\/svetaobitelj.hr\/index.php?rest_route=%2Fwp%2Fv2%2Fcategories&post=3555"},{"taxonomy":"post_tag","embeddable":true,"href":"https:\/\/svetaobitelj.hr\/index.php?rest_route=%2Fwp%2Fv2%2Ftags&post=3555"}],"curies":[{"name":"wp","href":"https:\/\/api.w.org\/{rel}","templated":true}]}}