{"id":3549,"date":"2024-12-20T11:02:31","date_gmt":"2024-12-20T10:02:31","guid":{"rendered":"http:\/\/svetaobitelj.hr\/?p=3549"},"modified":"2024-12-21T18:12:02","modified_gmt":"2024-12-21T17:12:02","slug":"zupne-obavijesti-4-nedjelja-kroz-godinu-6","status":"publish","type":"post","link":"https:\/\/svetaobitelj.hr\/?p=3549","title":{"rendered":"\u017dupne obavijesti: 4. nedjelja do\u0161a\u0161\u0107a"},"content":{"rendered":"\n<p>Slavimo \u010detvrtu nedjelju do\u0161a\u0161\u0107a. Zahvaljujem svima koji ste donijeli kola\u010de za korisnike Pu\u010dke kuhinje u Osijeku. Ako jo\u0161 netko \u017eeli donijeti mo\u017ee to u\u010diniti do sutra nakon zornice.<\/p>\n\n\n\n<p>Zahvaljujem Gradu Osijeku za financijsku potporu koja \u0107e biti utro\u0161ena za obnovu prozora na na\u0161em crkvenom tornju.<\/p>\n\n\n\n<p>U utorak, na Badnjak, zavr\u0161avamo s ovogodi\u0161njim misama zornicama u 6:00 sati. Taj dan ne\u0107e biti ve\u010dernje svete mise u 18:30 sati, a tzv. dje\u010dja polno\u0107ka bit \u0107e u 20:00 sati na \u010dijem po\u010detku o\u010dekujemo dolazak \u201eBetlehemskog svjetla\u201c kojeg \u0107e donijeti skauti. Petnaest minuta prije bit \u0107e prigodni program djece. Misa polno\u0107ka je u pono\u0107. <\/p>\n\n\n\n<p>U srijedu slavimo Ro\u0111enje Gospodinovo \u2013 Bo\u017ei\u0107. Svete mise su u 7:00, 10:00 i 18:30 sati.<\/p>\n\n\n\n<p>U \u010detvrtak slavimo sv. Stjepana Prvomu\u010denika. Svete mise su u 7:00, 10:00 i 18:30 sati. Poslije podne zapo\u010dinjemo s blagoslovom obitelji prema rasporedu kojega imate na oglasnoj plo\u010di i na na\u0161oj \u017eupnoj web stranici. U vrijeme blagoslova obitelji bit \u0107e izvanredno uredovno vrijeme \u017eupnog ureda. 27., 28. i 30. prosinca ured \u0107e biti otvoren od 16:00 do 18:00 sati, a na Staru godinu ne\u0107u uredovati.<\/p>\n\n\n\n<p>U petak slavimo sv. Ivana, apostola i evan\u0111elistu. Svete mise su u 7:30 i 18:30 sati.<\/p>\n\n\n\n<p>U subotu slavimo Nevinu dje\u010dicu. Svete mise su u 7:30 i 18:30 sati. <\/p>\n\n\n\n<p>Sljede\u0107e nedjelje slavimo na\u0161 crkveni god, Svetu Obitelj. U na\u0161oj Domovini su predsjedni\u010dki izbori.<\/p>\n\n\n\n<p>Podsje\u0107am one koji su kumovi djeci u Beninu da uplate svoj dar. <\/p>\n\n\n\n<p>Zahvalni za va\u0161u pomo\u0107 kojom poma\u017eete obnovu na\u0161ih crkava i samostana nastradalih u potresima, preporu\u010damo se i nadalje va\u0161oj dobroti. Svoj nov\u010dani prilog mo\u017eete dati u posebno ozna\u010denu \u0161krabicu pri izlazu iz crkve ili u \u017eupni ured ili direktno uplatiti na ra\u010dun koji se nalazi na letku.<\/p>\n\n\n\n<p>Molimo sve vas koji jo\u0161 nemate \u017eupnu obiteljsku knji\u017eicu ili je potrebno upisati promjene u postoje\u0107e, da se javite u \u017eupni ured.<\/p>\n\n\n\n<p>Kupujte i \u010ditajte katoli\u010dki vjerski tisak. U \u017eupnom uredu i gornjoj sakristiji mo\u017eete kupiti kalendare za sljede\u0107u godinu.<\/p>\n","protected":false},"excerpt":{"rendered":"<p>Slavimo \u010detvrtu nedjelju do\u0161a\u0161\u0107a. Zahvaljujem svima koji ste donijeli kola\u010de za korisnike Pu\u010dke kuhinje u Osijeku. Ako jo\u0161 netko \u017eeli donijeti mo\u017ee to u\u010diniti do sutra nakon zornice. Zahvaljujem Gradu Osijeku za financijsku potporu koja \u0107e biti utro\u0161ena za obnovu prozora na na\u0161em crkvenom tornju. U utorak, na Badnjak, zavr\u0161avamo s ovogodi\u0161njim misama zornicama u <a href=\"https:\/\/svetaobitelj.hr\/?p=3549\" class=\"more-link\">[&hellip;]<\/a><\/p>\n","protected":false},"author":2,"featured_media":0,"comment_status":"closed","ping_status":"open","sticky":false,"template":"","format":"standard","meta":{"footnotes":""},"categories":[3],"tags":[],"class_list":["entry","author-","post-3549","post","type-post","status-publish","format-standard","category-zupa"],"_links":{"self":[{"href":"https:\/\/svetaobitelj.hr\/index.php?rest_route=\/wp\/v2\/posts\/3549","targetHints":{"allow":["GET"]}}],"collection":[{"href":"https:\/\/svetaobitelj.hr\/index.php?rest_route=\/wp\/v2\/posts"}],"about":[{"href":"https:\/\/svetaobitelj.hr\/index.php?rest_route=\/wp\/v2\/types\/post"}],"author":[{"embeddable":true,"href":"https:\/\/svetaobitelj.hr\/index.php?rest_route=\/wp\/v2\/users\/2"}],"replies":[{"embeddable":true,"href":"https:\/\/svetaobitelj.hr\/index.php?rest_route=%2Fwp%2Fv2%2Fcomments&post=3549"}],"version-history":[{"count":2,"href":"https:\/\/svetaobitelj.hr\/index.php?rest_route=\/wp\/v2\/posts\/3549\/revisions"}],"predecessor-version":[{"id":3551,"href":"https:\/\/svetaobitelj.hr\/index.php?rest_route=\/wp\/v2\/posts\/3549\/revisions\/3551"}],"wp:attachment":[{"href":"https:\/\/svetaobitelj.hr\/index.php?rest_route=%2Fwp%2Fv2%2Fmedia&parent=3549"}],"wp:term":[{"taxonomy":"category","embeddable":true,"href":"https:\/\/svetaobitelj.hr\/index.php?rest_route=%2Fwp%2Fv2%2Fcategories&post=3549"},{"taxonomy":"post_tag","embeddable":true,"href":"https:\/\/svetaobitelj.hr\/index.php?rest_route=%2Fwp%2Fv2%2Ftags&post=3549"}],"curies":[{"name":"wp","href":"https:\/\/api.w.org\/{rel}","templated":true}]}}