{"id":3539,"date":"2024-12-06T21:37:38","date_gmt":"2024-12-06T20:37:38","guid":{"rendered":"http:\/\/svetaobitelj.hr\/?p=3539"},"modified":"2024-12-06T21:37:39","modified_gmt":"2024-12-06T20:37:39","slug":"sveti-nikola-2","status":"publish","type":"post","link":"https:\/\/svetaobitelj.hr\/?p=3539","title":{"rendered":"Sveti Nikola&#8230;"},"content":{"rendered":"\n<div class=\"wp-block-image\"><figure class=\"aligncenter size-large\"><img loading=\"lazy\" decoding=\"async\" width=\"1024\" height=\"1024\" src=\"http:\/\/svetaobitelj.hr\/wp-content\/uploads\/2024\/12\/20241206_182320-1024x1024.jpg\" alt=\"\" class=\"wp-image-3540\" srcset=\"https:\/\/svetaobitelj.hr\/wp-content\/uploads\/2024\/12\/20241206_182320-1024x1024.jpg 1024w, https:\/\/svetaobitelj.hr\/wp-content\/uploads\/2024\/12\/20241206_182320-300x300.jpg 300w, https:\/\/svetaobitelj.hr\/wp-content\/uploads\/2024\/12\/20241206_182320-150x150.jpg 150w, https:\/\/svetaobitelj.hr\/wp-content\/uploads\/2024\/12\/20241206_182320-768x768.jpg 768w, https:\/\/svetaobitelj.hr\/wp-content\/uploads\/2024\/12\/20241206_182320-1536x1536.jpg 1536w, https:\/\/svetaobitelj.hr\/wp-content\/uploads\/2024\/12\/20241206_182320.jpg 1600w\" sizes=\"auto, (max-width: 1024px) 100vw, 1024px\" \/><\/figure><\/div>\n\n\n\n<p>Sveti Nikola ni ove godine nije zaobi\u0161ao na\u0161u \u017eupu. Posjetio nas je nakon zornice i simboli\u010dnim darovima razveselio nazo\u010dnu djecu.<\/p>\n\n\n\n<div class=\"wp-block-image\"><figure class=\"aligncenter size-large\"><img loading=\"lazy\" decoding=\"async\" width=\"1024\" height=\"1024\" src=\"http:\/\/svetaobitelj.hr\/wp-content\/uploads\/2024\/12\/20241206_182305-1024x1024.jpg\" alt=\"\" class=\"wp-image-3541\" srcset=\"https:\/\/svetaobitelj.hr\/wp-content\/uploads\/2024\/12\/20241206_182305-1024x1024.jpg 1024w, https:\/\/svetaobitelj.hr\/wp-content\/uploads\/2024\/12\/20241206_182305-300x300.jpg 300w, https:\/\/svetaobitelj.hr\/wp-content\/uploads\/2024\/12\/20241206_182305-150x150.jpg 150w, https:\/\/svetaobitelj.hr\/wp-content\/uploads\/2024\/12\/20241206_182305-768x768.jpg 768w, https:\/\/svetaobitelj.hr\/wp-content\/uploads\/2024\/12\/20241206_182305-1536x1536.jpg 1536w, https:\/\/svetaobitelj.hr\/wp-content\/uploads\/2024\/12\/20241206_182305.jpg 1600w\" sizes=\"auto, (max-width: 1024px) 100vw, 1024px\" \/><\/figure><\/div>\n","protected":false},"excerpt":{"rendered":"<p>Sveti Nikola ni ove godine nije zaobi\u0161ao na\u0161u \u017eupu. Posjetio nas je nakon zornice i simboli\u010dnim darovima razveselio nazo\u010dnu djecu.<\/p>\n","protected":false},"author":2,"featured_media":0,"comment_status":"closed","ping_status":"open","sticky":false,"template":"","format":"standard","meta":{"footnotes":""},"categories":[3],"tags":[],"class_list":["entry","author-","post-3539","post","type-post","status-publish","format-standard","category-zupa"],"_links":{"self":[{"href":"https:\/\/svetaobitelj.hr\/index.php?rest_route=\/wp\/v2\/posts\/3539","targetHints":{"allow":["GET"]}}],"collection":[{"href":"https:\/\/svetaobitelj.hr\/index.php?rest_route=\/wp\/v2\/posts"}],"about":[{"href":"https:\/\/svetaobitelj.hr\/index.php?rest_route=\/wp\/v2\/types\/post"}],"author":[{"embeddable":true,"href":"https:\/\/svetaobitelj.hr\/index.php?rest_route=\/wp\/v2\/users\/2"}],"replies":[{"embeddable":true,"href":"https:\/\/svetaobitelj.hr\/index.php?rest_route=%2Fwp%2Fv2%2Fcomments&post=3539"}],"version-history":[{"count":1,"href":"https:\/\/svetaobitelj.hr\/index.php?rest_route=\/wp\/v2\/posts\/3539\/revisions"}],"predecessor-version":[{"id":3542,"href":"https:\/\/svetaobitelj.hr\/index.php?rest_route=\/wp\/v2\/posts\/3539\/revisions\/3542"}],"wp:attachment":[{"href":"https:\/\/svetaobitelj.hr\/index.php?rest_route=%2Fwp%2Fv2%2Fmedia&parent=3539"}],"wp:term":[{"taxonomy":"category","embeddable":true,"href":"https:\/\/svetaobitelj.hr\/index.php?rest_route=%2Fwp%2Fv2%2Fcategories&post=3539"},{"taxonomy":"post_tag","embeddable":true,"href":"https:\/\/svetaobitelj.hr\/index.php?rest_route=%2Fwp%2Fv2%2Ftags&post=3539"}],"curies":[{"name":"wp","href":"https:\/\/api.w.org\/{rel}","templated":true}]}}