{"id":3529,"date":"2024-12-01T21:04:18","date_gmt":"2024-12-01T20:04:18","guid":{"rendered":"http:\/\/svetaobitelj.hr\/?p=3529"},"modified":"2024-12-01T21:04:18","modified_gmt":"2024-12-01T20:04:18","slug":"gospa-osjecka","status":"publish","type":"post","link":"https:\/\/svetaobitelj.hr\/?p=3529","title":{"rendered":"Gospa Osje\u010dka"},"content":{"rendered":"\n<p>U nedjelju, 01. prosinca na\u0161a \u017eupa hodo\u010dastila je \u010cuvarici i Za\u0161titnici na\u0161ega grada Osijeka. Euharistijsko slavlje predvodio je na\u0161 \u017eupnik, a zbor na\u0161e \u017eupe uveli\u010dao je slavlje svojim pjevanjem.<\/p>\n\n\n\n<div class=\"wp-block-image\"><figure class=\"aligncenter size-large\"><img loading=\"lazy\" decoding=\"async\" width=\"1024\" height=\"1024\" src=\"http:\/\/svetaobitelj.hr\/wp-content\/uploads\/2024\/12\/Screenshot_20241201_205047_Gallery-1024x1024.jpg\" alt=\"\" class=\"wp-image-3530\" srcset=\"https:\/\/svetaobitelj.hr\/wp-content\/uploads\/2024\/12\/Screenshot_20241201_205047_Gallery-1024x1024.jpg 1024w, https:\/\/svetaobitelj.hr\/wp-content\/uploads\/2024\/12\/Screenshot_20241201_205047_Gallery-300x300.jpg 300w, https:\/\/svetaobitelj.hr\/wp-content\/uploads\/2024\/12\/Screenshot_20241201_205047_Gallery-150x150.jpg 150w, https:\/\/svetaobitelj.hr\/wp-content\/uploads\/2024\/12\/Screenshot_20241201_205047_Gallery-768x768.jpg 768w, https:\/\/svetaobitelj.hr\/wp-content\/uploads\/2024\/12\/Screenshot_20241201_205047_Gallery.jpg 1061w\" sizes=\"auto, (max-width: 1024px) 100vw, 1024px\" \/><\/figure><\/div>\n\n\n\n<p>Presveta Majko Bo\u017eja Osje\u010dka! Ponizno te molimo, budi ti \u010duvarica i za\u0161titnica na\u0161a. Mi te u ime svoje i u ime svih nama milih i dragih, sa svim po\u0161tovanjem i odano\u0161\u0107u pozdravljamo i tebi se u djetinjoj ljubavi posve\u0107ujemo.<\/p>\n\n\n\n<div class=\"wp-block-image\"><figure class=\"aligncenter size-large\"><img loading=\"lazy\" decoding=\"async\" width=\"1024\" height=\"989\" src=\"http:\/\/svetaobitelj.hr\/wp-content\/uploads\/2024\/12\/Screenshot_20241201_205943_Gallery-1024x989.jpg\" alt=\"\" class=\"wp-image-3531\" srcset=\"https:\/\/svetaobitelj.hr\/wp-content\/uploads\/2024\/12\/Screenshot_20241201_205943_Gallery-1024x989.jpg 1024w, https:\/\/svetaobitelj.hr\/wp-content\/uploads\/2024\/12\/Screenshot_20241201_205943_Gallery-300x290.jpg 300w, https:\/\/svetaobitelj.hr\/wp-content\/uploads\/2024\/12\/Screenshot_20241201_205943_Gallery-768x742.jpg 768w, https:\/\/svetaobitelj.hr\/wp-content\/uploads\/2024\/12\/Screenshot_20241201_205943_Gallery.jpg 1080w\" sizes=\"auto, (max-width: 1024px) 100vw, 1024px\" \/><\/figure><\/div>\n\n\n\n<p>U tvoje svete ruke pola\u017eemo sve svoje poslove i brige, svoje potrebe i nevolje, svoj \u017eivot i smrt. S ovog svog prijestolja, Gospo Osje\u010dka, blagoslovi na\u0161e domove. Pod tvojom obranom i za\u0161titom neka cvatu i napreduju na\u0161e obitelji, te donose obilne plodove ljubavi prema Bogu i bli\u017enjemu! Amen<\/p>\n","protected":false},"excerpt":{"rendered":"<p>U nedjelju, 01. prosinca na\u0161a \u017eupa hodo\u010dastila je \u010cuvarici i Za\u0161titnici na\u0161ega grada Osijeka. Euharistijsko slavlje predvodio je na\u0161 \u017eupnik, a zbor na\u0161e \u017eupe uveli\u010dao je slavlje svojim pjevanjem. Presveta Majko Bo\u017eja Osje\u010dka! Ponizno te molimo, budi ti \u010duvarica i za\u0161titnica na\u0161a. Mi te u ime svoje i u ime svih nama milih i dragih, <a href=\"https:\/\/svetaobitelj.hr\/?p=3529\" class=\"more-link\">[&hellip;]<\/a><\/p>\n","protected":false},"author":2,"featured_media":0,"comment_status":"closed","ping_status":"open","sticky":false,"template":"","format":"standard","meta":{"footnotes":""},"categories":[3],"tags":[],"class_list":["entry","author-","post-3529","post","type-post","status-publish","format-standard","category-zupa"],"_links":{"self":[{"href":"https:\/\/svetaobitelj.hr\/index.php?rest_route=\/wp\/v2\/posts\/3529","targetHints":{"allow":["GET"]}}],"collection":[{"href":"https:\/\/svetaobitelj.hr\/index.php?rest_route=\/wp\/v2\/posts"}],"about":[{"href":"https:\/\/svetaobitelj.hr\/index.php?rest_route=\/wp\/v2\/types\/post"}],"author":[{"embeddable":true,"href":"https:\/\/svetaobitelj.hr\/index.php?rest_route=\/wp\/v2\/users\/2"}],"replies":[{"embeddable":true,"href":"https:\/\/svetaobitelj.hr\/index.php?rest_route=%2Fwp%2Fv2%2Fcomments&post=3529"}],"version-history":[{"count":1,"href":"https:\/\/svetaobitelj.hr\/index.php?rest_route=\/wp\/v2\/posts\/3529\/revisions"}],"predecessor-version":[{"id":3532,"href":"https:\/\/svetaobitelj.hr\/index.php?rest_route=\/wp\/v2\/posts\/3529\/revisions\/3532"}],"wp:attachment":[{"href":"https:\/\/svetaobitelj.hr\/index.php?rest_route=%2Fwp%2Fv2%2Fmedia&parent=3529"}],"wp:term":[{"taxonomy":"category","embeddable":true,"href":"https:\/\/svetaobitelj.hr\/index.php?rest_route=%2Fwp%2Fv2%2Fcategories&post=3529"},{"taxonomy":"post_tag","embeddable":true,"href":"https:\/\/svetaobitelj.hr\/index.php?rest_route=%2Fwp%2Fv2%2Ftags&post=3529"}],"curies":[{"name":"wp","href":"https:\/\/api.w.org\/{rel}","templated":true}]}}