{"id":3521,"date":"2024-11-29T04:49:36","date_gmt":"2024-11-29T03:49:36","guid":{"rendered":"http:\/\/svetaobitelj.hr\/?p=3521"},"modified":"2024-11-29T04:50:13","modified_gmt":"2024-11-29T03:50:13","slug":"zupne-obavijesti-prva-nedjelja-dosasca","status":"publish","type":"post","link":"https:\/\/svetaobitelj.hr\/?p=3521","title":{"rendered":"\u017dupne obavijesti: 1. nedjelja do\u0161a\u0161\u0107a"},"content":{"rendered":"\n<p>Slavimo prvu nedjelju do\u0161a\u0161\u0107a \u010dime zapo\u010dinje nova liturgijska ili crkvena godina. Prva je nedjelja u mjesecu kada se svojim molitvama i nov\u010danim prilozima sje\u0107amo na\u0161ih sjemeni\u0161ta i molimo za duhovna zvanja. Svoj nov\u010dani prilog mo\u017eete dati na izlazu iz crkve.<\/p>\n\n\n\n<p>Vrijeme do\u0161a\u0161\u0107a je i vrijeme kada kao vjernici poma\u017eemo bra\u0107i i sestrama u potrebi. Prikupljanje prehrambenih proizvoda i higijenskih potrep\u0161tina za potrebite na\u0161e \u017dupe bit \u0107e do tre\u0107e nedjelje do\u0161a\u0161\u0107a. Caritas na\u0161e Nadbiskupije nastavlja s projektom \u201eDje\u010dja ko\u0161arica\u201c kao i projektom \u201eBla\u017eenije je davati nego primati\u201c \u010dime svojim nov\u010danim  prilozima te hranom, higijenskim i dje\u010djim potrep\u0161tinama poma\u017eemo Caritasov Centar za majku i dijete, Pu\u010dku kuhinju i Centar za besku\u0107nike u Osijeku. Svoje darove mo\u017eete donijeti u \u017eupni ured u uredovno vrijeme.<\/p>\n\n\n\n<p>Sutra zapo\u010dinju mise zornice koje su svakog radnog dana u 6 sati. U vrijeme do\u0161a\u0161\u0107a ne\u0107e biti svetih misa u 7:30 sati.<\/p>\n\n\n\n<p>U utorak je nakon ve\u010dernje svete mise susret \u010dlanova Vojske Bezgre\u0161ne.<\/p>\n\n\n\n<p>U petak slavimo sv. Nikolu Biskupa. Svete mise su u 6:00 i u 18:30 sati.<\/p>\n\n\n\n<p>U subotu \u0107emo pod ve\u010dernjom svetom misom moliti za duhovna zvanja budu\u0107i da je prva subota u mjesecu.<\/p>\n\n\n\n<p>Sljede\u0107e nedjelje slavimo drugu nedjelju do\u0161a\u0161\u0107a. Redoviti mjese\u010dni susret Mjesnoga bratstva OFS-a bit \u0107e u 16:30 sati. Svetkovinu Bezgre\u0161nog Za\u010de\u0107a Bla\u017eene Djevice Marije proslavit \u0107emo u ponedjeljak, 9. prosinca. <\/p>\n\n\n\n<p>Zajedni\u010dka, tzv. velika ispovijed, bit \u0107e u na\u0161oj \u017eupnoj crkvi u srijedu, 18. prosinca, u 9:00 i u 15:00 sati kada \u0107e biti vi\u0161e sve\u0107enika na raspolaganju. Budu\u0107i da vi\u0161e nemamo \u017eupnog vikara u \u017eupi, molim vas da do\u0111ete u to vrijeme jer ne\u0107u mo\u0107i biti na raspolaganju nedjeljom za ispovijed radi svetih misa, a osobito nemojte \u010dekati zadnje trenutke.<\/p>\n\n\n\n<p>Starije i bolesne koji ne mogu do\u0107i u crkvu ispovijedat \u0107u u ponedjeljak, 23. prosinca od 8:30 sati. Potrebno je prijaviti ih u \u017eupnom uredu.<\/p>\n\n\n\n<p>Podsje\u0107amo one koji su kumovi djeci u Beninu da uplate svoj dar. <\/p>\n\n\n\n<p>Zahvalni za va\u0161u pomo\u0107 kojom poma\u017eete obnovu na\u0161ih crkava i samostana nastradalih u potresima, preporu\u010damo se i nadalje va\u0161oj dobroti. Svoj nov\u010dani prilog mo\u017eete dati u posebno ozna\u010denu \u0161krabicu pri izlazu iz crkve ili u \u017eupni ured ili direktno uplatiti na ra\u010dun koji se nalazi na letku.<\/p>\n\n\n\n<p>Molimo sve vas koji jo\u0161 nemate \u017eupnu obiteljsku knji\u017eicu ili je potrebno upisati promjene u postoje\u0107e, da se javite u \u017eupni ured. Kupujte i \u010ditajte katoli\u010dki vjerski tisak. U \u017eupnom uredu i gornjoj sakristiji mo\u017eete kupiti kalendare za sljede\u0107u godinu.<\/p>\n","protected":false},"excerpt":{"rendered":"<p>Slavimo prvu nedjelju do\u0161a\u0161\u0107a \u010dime zapo\u010dinje nova liturgijska ili crkvena godina. Prva je nedjelja u mjesecu kada se svojim molitvama i nov\u010danim prilozima sje\u0107amo na\u0161ih sjemeni\u0161ta i molimo za duhovna zvanja. Svoj nov\u010dani prilog mo\u017eete dati na izlazu iz crkve. Vrijeme do\u0161a\u0161\u0107a je i vrijeme kada kao vjernici poma\u017eemo bra\u0107i i sestrama u potrebi. Prikupljanje <a href=\"https:\/\/svetaobitelj.hr\/?p=3521\" class=\"more-link\">[&hellip;]<\/a><\/p>\n","protected":false},"author":2,"featured_media":0,"comment_status":"closed","ping_status":"open","sticky":false,"template":"","format":"standard","meta":{"footnotes":""},"categories":[3],"tags":[],"class_list":["entry","author-","post-3521","post","type-post","status-publish","format-standard","category-zupa"],"_links":{"self":[{"href":"https:\/\/svetaobitelj.hr\/index.php?rest_route=\/wp\/v2\/posts\/3521","targetHints":{"allow":["GET"]}}],"collection":[{"href":"https:\/\/svetaobitelj.hr\/index.php?rest_route=\/wp\/v2\/posts"}],"about":[{"href":"https:\/\/svetaobitelj.hr\/index.php?rest_route=\/wp\/v2\/types\/post"}],"author":[{"embeddable":true,"href":"https:\/\/svetaobitelj.hr\/index.php?rest_route=\/wp\/v2\/users\/2"}],"replies":[{"embeddable":true,"href":"https:\/\/svetaobitelj.hr\/index.php?rest_route=%2Fwp%2Fv2%2Fcomments&post=3521"}],"version-history":[{"count":2,"href":"https:\/\/svetaobitelj.hr\/index.php?rest_route=\/wp\/v2\/posts\/3521\/revisions"}],"predecessor-version":[{"id":3523,"href":"https:\/\/svetaobitelj.hr\/index.php?rest_route=\/wp\/v2\/posts\/3521\/revisions\/3523"}],"wp:attachment":[{"href":"https:\/\/svetaobitelj.hr\/index.php?rest_route=%2Fwp%2Fv2%2Fmedia&parent=3521"}],"wp:term":[{"taxonomy":"category","embeddable":true,"href":"https:\/\/svetaobitelj.hr\/index.php?rest_route=%2Fwp%2Fv2%2Fcategories&post=3521"},{"taxonomy":"post_tag","embeddable":true,"href":"https:\/\/svetaobitelj.hr\/index.php?rest_route=%2Fwp%2Fv2%2Ftags&post=3521"}],"curies":[{"name":"wp","href":"https:\/\/api.w.org\/{rel}","templated":true}]}}