{"id":3510,"date":"2024-11-22T08:39:20","date_gmt":"2024-11-22T07:39:20","guid":{"rendered":"https:\/\/svetaobitelj.hr\/?p=3510"},"modified":"2024-11-22T08:39:21","modified_gmt":"2024-11-22T07:39:21","slug":"zupne-obavijesti-nedjelja-krista-kralja-4","status":"publish","type":"post","link":"https:\/\/svetaobitelj.hr\/?p=3510","title":{"rendered":"\u017dupne obavijesti: Nedjelja Krista Kralja"},"content":{"rendered":"\n<p>Slavimo Nedjelju Krista Kralja ili trideset i \u010detvrtu nedjelju kroz godinu.<\/p>\n\n\n\n<p>U utorak je redoviti sastanak \u010dlanova \u017eupnih vije\u0107a u 19:30 sati.<\/p>\n\n\n\n<p>U petak slavimo Sve svete Franjeva\u010dkog reda.<\/p>\n\n\n\n<p>U subotu u samostanskoj crkvi u Tvr\u0111i zapo\u010dinje Zavjetna devetnica Gospi Osje\u010dkoj kada hodo\u010dastimo kao \u017eupljani osje\u010dkih \u017eupa \u010cuvarici i Za\u0161titnici na\u0161ega grada Osijeka. Raspored devetnice imate na oglasnoj plo\u010di kao i svakodnevni ve\u010dernji program. Na\u0161a \u017eupa hodo\u010dasti u nedjelju, 1. prosinca.<\/p>\n\n\n\n<p>U subotu zavr\u0161ava liturgijska ili crkvena godina.<\/p>\n\n\n\n<p>Sljede\u0107e nedjelje slavimo prvu nedjelju do\u0161a\u0161\u0107a \u010dime zapo\u010dinje nova liturgijska ili crkvena godina. Ujedno je prva nedjelja u mjesecu. Pod jutarnjom svetom misom molit \u0107emo za dobro\u010dinitelje ove na\u0161e crkve i samostana. Pod svetim misama molit \u0107emo za duhovna zvanja, a nakon svetih misa prikupljati nov\u010dana sredstva za na\u0161a sjemeni\u0161ta. Pod svetom misom u 10:00 sati bit \u0107e predstavljanje ovogodi\u0161njih kandidata za prvu Ispovijed i Pri\u010dest kao i za svetu Potvrdu.<\/p>\n\n\n\n<p>Vrijeme do\u0161a\u0161\u0107a je i vrijeme kada kao vjernici poma\u017eemo bra\u0107i i sestrama u potrebi. Tko \u017eeli mo\u017ee uzeti caritasove kutijice te stavljati svoj dar u njih tijekom do\u0161a\u0161\u0107a i donijeti ih u crkvu tre\u0107e nedjelje do\u0161a\u0161\u0107a kada i slavimo Nedjelju Caritasa. Prikupljanje prehrambenih proizvoda i higijenskih potrep\u0161tina za potrebite na\u0161e \u017dupe bit \u0107e izme\u0111u prve i tre\u0107e nedjelje do\u0161a\u0161\u0107a. Caritas na\u0161e Nadbiskupije nastavlja s projektom \u201eDje\u010dja ko\u0161arica\u201c kao i projektom \u201eBla\u017eenije je davati nego primati\u201c \u010dime svojim nov\u010danim prilozima te hranom, higijenskim i dje\u010djim potrep\u0161tinama poma\u017eemo Caritasov Centar za majku i dijete, Pu\u010dku kuhinju i Centar za besku\u0107nike u Osijeku. Svoje darove mo\u017eete donijeti u \u017eupni ured.<\/p>\n\n\n\n<p>Mise zornice imat \u0107emo od ponedjeljka, 2. prosinca, svakoga radnog dana u 6 sati. U vrijeme do\u0161a\u0161\u0107a ne\u0107e biti svetih misa u 7:30 sati.<\/p>\n\n\n\n<p>Zahvalni za va\u0161u pomo\u0107 kojom poma\u017eete obnovu na\u0161ih crkava i samostana nastradalih u potresima, preporu\u010damo se i nadalje va\u0161oj dobroti. Svoj nov\u010dani prilog mo\u017eete dati u posebno ozna\u010denu \u0161krabicu pri izlazu iz crkve ili u \u017eupni ured ili direktno uplatiti na ra\u010dun koji se nalazi na letku.<\/p>\n\n\n\n<p>Molimo sve vas koji jo\u0161 nemate \u017eupnu obiteljsku knji\u017eicu ili je potrebno upisati promjene u postoje\u0107e, da se javite u \u017eupni ured. <\/p>\n\n\n\n<p>Kupujte i \u010ditajte katoli\u010dki vjerski tisak. <\/p>\n\n\n\n<p>U \u017eupnom uredu i gornjoj sakristiji mo\u017eete kupiti kalendare za sljede\u0107u godinu.<\/p>\n","protected":false},"excerpt":{"rendered":"<p>Slavimo Nedjelju Krista Kralja ili trideset i \u010detvrtu nedjelju kroz godinu. U utorak je redoviti sastanak \u010dlanova \u017eupnih vije\u0107a u 19:30 sati. U petak slavimo Sve svete Franjeva\u010dkog reda. U subotu u samostanskoj crkvi u Tvr\u0111i zapo\u010dinje Zavjetna devetnica Gospi Osje\u010dkoj kada hodo\u010dastimo kao \u017eupljani osje\u010dkih \u017eupa \u010cuvarici i Za\u0161titnici na\u0161ega grada Osijeka. Raspored devetnice <a href=\"https:\/\/svetaobitelj.hr\/?p=3510\" class=\"more-link\">[&hellip;]<\/a><\/p>\n","protected":false},"author":2,"featured_media":0,"comment_status":"closed","ping_status":"open","sticky":false,"template":"","format":"standard","meta":{"footnotes":""},"categories":[3],"tags":[],"class_list":["entry","author-","post-3510","post","type-post","status-publish","format-standard","category-zupa"],"_links":{"self":[{"href":"https:\/\/svetaobitelj.hr\/index.php?rest_route=\/wp\/v2\/posts\/3510","targetHints":{"allow":["GET"]}}],"collection":[{"href":"https:\/\/svetaobitelj.hr\/index.php?rest_route=\/wp\/v2\/posts"}],"about":[{"href":"https:\/\/svetaobitelj.hr\/index.php?rest_route=\/wp\/v2\/types\/post"}],"author":[{"embeddable":true,"href":"https:\/\/svetaobitelj.hr\/index.php?rest_route=\/wp\/v2\/users\/2"}],"replies":[{"embeddable":true,"href":"https:\/\/svetaobitelj.hr\/index.php?rest_route=%2Fwp%2Fv2%2Fcomments&post=3510"}],"version-history":[{"count":1,"href":"https:\/\/svetaobitelj.hr\/index.php?rest_route=\/wp\/v2\/posts\/3510\/revisions"}],"predecessor-version":[{"id":3511,"href":"https:\/\/svetaobitelj.hr\/index.php?rest_route=\/wp\/v2\/posts\/3510\/revisions\/3511"}],"wp:attachment":[{"href":"https:\/\/svetaobitelj.hr\/index.php?rest_route=%2Fwp%2Fv2%2Fmedia&parent=3510"}],"wp:term":[{"taxonomy":"category","embeddable":true,"href":"https:\/\/svetaobitelj.hr\/index.php?rest_route=%2Fwp%2Fv2%2Fcategories&post=3510"},{"taxonomy":"post_tag","embeddable":true,"href":"https:\/\/svetaobitelj.hr\/index.php?rest_route=%2Fwp%2Fv2%2Ftags&post=3510"}],"curies":[{"name":"wp","href":"https:\/\/api.w.org\/{rel}","templated":true}]}}