{"id":3503,"date":"2024-11-15T19:06:00","date_gmt":"2024-11-15T18:06:00","guid":{"rendered":"http:\/\/svetaobitelj.hr\/?p=3503"},"modified":"2024-11-15T19:06:01","modified_gmt":"2024-11-15T18:06:01","slug":"zupne-obavijesti-33-nedjelja-kroz-godinu-6","status":"publish","type":"post","link":"https:\/\/svetaobitelj.hr\/?p=3503","title":{"rendered":"\u017dupne obavijesti: 33. nedjelja kroz godinu"},"content":{"rendered":"\n<p>Slavimo trideset i tre\u0107u nedjelju kroz godinu. Ve\u010deras \u0107emo nakon ve\u010dernje svete mise zapaliti svije\u0107e i moliti za poginule u obrani Vukovara ispred na\u0161e crkve.<\/p>\n\n\n\n<p>Sutra je Nadbiskupijsko spomen-hodo\u010da\u0161\u0107e u Vukovar i obilje\u017eavanje Dana sje\u0107anja na \u017ertvu Vukovara. Pozvani smo da okupljeni u euharistijskom slavlju i zajedni\u010dkoj molitvi iska\u017eemo svoju zahvalnost i po\u0161tovanje prema svim poginulim i nestalim braniteljima i civilnim \u017ertvama Vukovara, Podunavlja, ali i Hrvatskoga naroda tijekom Domovinskog rata.  Program obilje\u017eavanja zapo\u010dinje u 10:00 sati u krugu vukovarske bolnice \u201eDr. Juraj Njavro\u201c; u 10:30 kre\u0107e \u201eKolona sje\u0107anja\u201c prema Memorijalnom groblju; u 12:30 molitva i polaganje vijenaca kod Sredi\u0161njeg kri\u017ea na Memorijalnom<br>groblju; u 13:00 sati euharistijsko slavlje koje predvodi mons. Dra\u017een Kutle\u0161a, zagreba\u010dki nadbiskup metropolit. Pozvani smo da osobito u \u201eKoloni sje\u0107anja\u201c nastojimo dr\u017eati dostojanstvo i duh toga dana u molitvi i ti\u0161ini. U na\u0161oj \u017eupi sutra ne\u0107e biti jutarnje svete mise, a pod ve\u010dernjom svetom misom molit \u0107emo za sve poginule i nestale u obrani Vukovara.<\/p>\n\n\n\n<p>U srijedu \u0107emo pod ve\u010dernjom svetom misom moliti za poginule, nestale i umrle branitelje iz na\u0161e \u017eupe. Istoga dana, u Vikarijatu u Osijeku\u00a0\u00a0s po\u010detkom u 19.30 sati,\u00a0bit \u0107e odr\u017ean\u00a0biblijski duhovni susret (obnova) za sve vjernike Osje\u010dkih dekanata te vjernike Baranjskog i \u010cepinskog dekanata. Na temu\u00a0\u201cU kakvog Boga Hrvati danas vjeruju\u201d\u00a0promi\u0161ljat \u0107e i zajedno s vjernicima moliti\u00a0vl\u010d. dr. sc. Ivan Benakovi\u0107, prof. na KBF-u u \u0110akovu i povjerenik ureda za biblijski pastoral \u0110akova\u010dko-osje\u010dke nadbiskupije. Na susret su osobito pozvani \u010dita\u010di, \u010dlanovi biblijskih skupina, kao i svi ostali vjernici, a sam susret je osmi\u0161ljen kao\u00a0kateheza za odrasle vjernike.<\/p>\n\n\n\n<p>U petak slavimo spomendan sv. Cecilije, djevice i mu\u010denice, za\u0161titnice crkvene glazbe i pjevanja. Sve\u010danije \u0107emo slavlje imati pod ve\u010dernjom svetom misom.<\/p>\n\n\n\n<p>Sljede\u0107e nedjelje slavimo Nedjelju Krista Kralja ili trideset i \u010detvrtu nedjelju kroz godinu.<\/p>\n\n\n\n<p>Zahvalni za va\u0161u pomo\u0107 kojom poma\u017eete obnovu na\u0161ih crkava i samostana nastradalih u potresima, preporu\u010damo se i nadalje va\u0161oj dobroti. Svoj nov\u010dani prilog mo\u017eete dati u posebno ozna\u010denu \u0161krabicu pri izlazu iz crkve ili u \u017eupni ured ili direktno uplatiti na ra\u010dun koji se nalazi na letku.<\/p>\n\n\n\n<p>Molimo sve vas koji jo\u0161 nemate \u017eupnu obiteljsku knji\u017eicu ili je potrebno upisati promjene u postoje\u0107e, da se javite u \u017eupni ured.<\/p>\n\n\n\n<p>U \u017eupnom uredu i u gornjoj sakristiji mo\u017eete kupiti kalendare za sljede\u0107u gra\u0111ansku godinu. Kupujte i \u010ditajte katoli\u010dki vjerski tisak.<\/p>\n","protected":false},"excerpt":{"rendered":"<p>Slavimo trideset i tre\u0107u nedjelju kroz godinu. Ve\u010deras \u0107emo nakon ve\u010dernje svete mise zapaliti svije\u0107e i moliti za poginule u obrani Vukovara ispred na\u0161e crkve. Sutra je Nadbiskupijsko spomen-hodo\u010da\u0161\u0107e u Vukovar i obilje\u017eavanje Dana sje\u0107anja na \u017ertvu Vukovara. Pozvani smo da okupljeni u euharistijskom slavlju i zajedni\u010dkoj molitvi iska\u017eemo svoju zahvalnost i po\u0161tovanje prema svim <a href=\"https:\/\/svetaobitelj.hr\/?p=3503\" class=\"more-link\">[&hellip;]<\/a><\/p>\n","protected":false},"author":2,"featured_media":0,"comment_status":"closed","ping_status":"open","sticky":false,"template":"","format":"standard","meta":{"footnotes":""},"categories":[3],"tags":[],"class_list":["entry","author-","post-3503","post","type-post","status-publish","format-standard","category-zupa"],"_links":{"self":[{"href":"https:\/\/svetaobitelj.hr\/index.php?rest_route=\/wp\/v2\/posts\/3503","targetHints":{"allow":["GET"]}}],"collection":[{"href":"https:\/\/svetaobitelj.hr\/index.php?rest_route=\/wp\/v2\/posts"}],"about":[{"href":"https:\/\/svetaobitelj.hr\/index.php?rest_route=\/wp\/v2\/types\/post"}],"author":[{"embeddable":true,"href":"https:\/\/svetaobitelj.hr\/index.php?rest_route=\/wp\/v2\/users\/2"}],"replies":[{"embeddable":true,"href":"https:\/\/svetaobitelj.hr\/index.php?rest_route=%2Fwp%2Fv2%2Fcomments&post=3503"}],"version-history":[{"count":1,"href":"https:\/\/svetaobitelj.hr\/index.php?rest_route=\/wp\/v2\/posts\/3503\/revisions"}],"predecessor-version":[{"id":3504,"href":"https:\/\/svetaobitelj.hr\/index.php?rest_route=\/wp\/v2\/posts\/3503\/revisions\/3504"}],"wp:attachment":[{"href":"https:\/\/svetaobitelj.hr\/index.php?rest_route=%2Fwp%2Fv2%2Fmedia&parent=3503"}],"wp:term":[{"taxonomy":"category","embeddable":true,"href":"https:\/\/svetaobitelj.hr\/index.php?rest_route=%2Fwp%2Fv2%2Fcategories&post=3503"},{"taxonomy":"post_tag","embeddable":true,"href":"https:\/\/svetaobitelj.hr\/index.php?rest_route=%2Fwp%2Fv2%2Ftags&post=3503"}],"curies":[{"name":"wp","href":"https:\/\/api.w.org\/{rel}","templated":true}]}}