{"id":3496,"date":"2024-11-08T09:38:57","date_gmt":"2024-11-08T08:38:57","guid":{"rendered":"https:\/\/svetaobitelj.hr\/?p=3496"},"modified":"2024-11-08T09:38:58","modified_gmt":"2024-11-08T08:38:58","slug":"zupne-obavijesti-32-nedjelja-kroz-godinu-7","status":"publish","type":"post","link":"https:\/\/svetaobitelj.hr\/?p=3496","title":{"rendered":"\u017dupne obavijesti: 32. nedjelja kroz godinu"},"content":{"rendered":"\n<p>Slavimo trideset i drugu nedjelju kroz godinu. U \u017eupama na\u0161e \u0110akova\u010dko-osje\u010dke nadbiskupije obilje\u017eava se Nedjelja bra\u010dnih jubileja.<\/p>\n\n\n\n<p>U subotu, 16. studenoga, ne\u0107u uredovati u \u017eupnom uredu.<\/p>\n\n\n\n<p>Sljede\u0107e nedjelje slavimo trideset i tre\u0107u nedjelju kroz godinu.<\/p>\n\n\n\n<p>U ponedjeljak, 18. studenoga, bit \u0107e Nadbiskupijsko spomen-hodo\u010da\u0161\u0107e u Vukovar i obilje\u017eavanje Dana sje\u0107anja na \u017ertvu Vukovara. Pozvani smo da okupljeni u euharistijskom slavlju i zajedni\u010dkoj molitvi iska\u017eemo svoju zahvalnost i po\u0161tovanje prema svim poginulim i nestalim braniteljima i civilnim \u017ertvama Vukovara, Podunavlja, ali i Hrvatskoga naroda tijekom Domovinskog rata. Program obilje\u017eavanja zapo\u010dinje u 10:00 sati u krugu vukovarske bolnice \u201eDr. Juraj Njavro\u201c; u 10:30 kre\u0107e \u201eKolona sje\u0107anja\u201c prema Memorijalnom groblju; u 12:30 molitva i polaganje vijenaca kod Sredi\u0161njeg kri\u017ea na Memorijalnom groblju; u 13:00 sati euharistijsko slavlje koje predvodi mons. Dra\u017een Kutle\u0161a, zagreba\u010dki nadbiskup metropolit. Pozvani smo da osobito u \u201eKoloni sje\u0107anja\u201c nastojimo dr\u017eati dostojanstvo i duh toga dana u molitvi i ti\u0161ini.<\/p>\n\n\n\n<p>Ured za pastoral mladih na\u0161e Nadbiskupije organizira Duhovnu obnovu za mlade u pastoralnom centru na Ba\u0161kim O\u0161tarijama od 29. studenoga do 1. prosinca ove godine. Prijave su do 24. studenoga, a vi\u0161e imate na plakatu na oglasnoj plo\u010di.<\/p>\n\n\n\n<p>Susret o razlu\u010divanju zvanja bit \u0107e u Bogoslovnom sjemeni\u0161tu u \u0110akovu od studenoga do 1. prosinca ove godine. Susret je namijenjen studentima i mladima s navr\u0161enom srednjom \u0161kolom do 35. godine \u017eivota a koji razmi\u0161ljaju o duhovnom zvanju ili o razlu\u010divanju osobnog poziva. Zainteresirani neka se jave u \u017eupni ured do 23. studenoga.<\/p>\n\n\n\n<p>Zahvalni za va\u0161u pomo\u0107 kojom poma\u017eete obnovu na\u0161ih crkava i samostana nastradalih u potresima, preporu\u010damo se i nadalje va\u0161oj dobroti. Svoj nov\u010dani prilog mo\u017eete dati u posebno ozna\u010denu \u0161krabicu pri izlazu iz crkve ili u \u017eupni ured ili direktno uplatiti na ra\u010dun koji se nalazi na letku.<\/p>\n\n\n\n<p>Molimo sve vas koji jo\u0161 nemate \u017eupnu obiteljsku knji\u017eicu ili je potrebno upisati promjene u postoje\u0107e, da se javite u \u017eupni ured.<\/p>\n\n\n\n<p>Kupujte i \u010ditajte katoli\u010dki vjerski tisak. Kalendare za sljede\u0107u godinu mo\u017eete kupiti u gornjoj sakristiji i u \u017eupnom uredu.<\/p>\n","protected":false},"excerpt":{"rendered":"<p>Slavimo trideset i drugu nedjelju kroz godinu. U \u017eupama na\u0161e \u0110akova\u010dko-osje\u010dke nadbiskupije obilje\u017eava se Nedjelja bra\u010dnih jubileja. U subotu, 16. studenoga, ne\u0107u uredovati u \u017eupnom uredu. Sljede\u0107e nedjelje slavimo trideset i tre\u0107u nedjelju kroz godinu. U ponedjeljak, 18. studenoga, bit \u0107e Nadbiskupijsko spomen-hodo\u010da\u0161\u0107e u Vukovar i obilje\u017eavanje Dana sje\u0107anja na \u017ertvu Vukovara. Pozvani smo da <a href=\"https:\/\/svetaobitelj.hr\/?p=3496\" class=\"more-link\">[&hellip;]<\/a><\/p>\n","protected":false},"author":2,"featured_media":0,"comment_status":"closed","ping_status":"open","sticky":false,"template":"","format":"standard","meta":{"footnotes":""},"categories":[3],"tags":[],"class_list":["entry","author-","post-3496","post","type-post","status-publish","format-standard","category-zupa"],"_links":{"self":[{"href":"https:\/\/svetaobitelj.hr\/index.php?rest_route=\/wp\/v2\/posts\/3496","targetHints":{"allow":["GET"]}}],"collection":[{"href":"https:\/\/svetaobitelj.hr\/index.php?rest_route=\/wp\/v2\/posts"}],"about":[{"href":"https:\/\/svetaobitelj.hr\/index.php?rest_route=\/wp\/v2\/types\/post"}],"author":[{"embeddable":true,"href":"https:\/\/svetaobitelj.hr\/index.php?rest_route=\/wp\/v2\/users\/2"}],"replies":[{"embeddable":true,"href":"https:\/\/svetaobitelj.hr\/index.php?rest_route=%2Fwp%2Fv2%2Fcomments&post=3496"}],"version-history":[{"count":2,"href":"https:\/\/svetaobitelj.hr\/index.php?rest_route=\/wp\/v2\/posts\/3496\/revisions"}],"predecessor-version":[{"id":3498,"href":"https:\/\/svetaobitelj.hr\/index.php?rest_route=\/wp\/v2\/posts\/3496\/revisions\/3498"}],"wp:attachment":[{"href":"https:\/\/svetaobitelj.hr\/index.php?rest_route=%2Fwp%2Fv2%2Fmedia&parent=3496"}],"wp:term":[{"taxonomy":"category","embeddable":true,"href":"https:\/\/svetaobitelj.hr\/index.php?rest_route=%2Fwp%2Fv2%2Fcategories&post=3496"},{"taxonomy":"post_tag","embeddable":true,"href":"https:\/\/svetaobitelj.hr\/index.php?rest_route=%2Fwp%2Fv2%2Ftags&post=3496"}],"curies":[{"name":"wp","href":"https:\/\/api.w.org\/{rel}","templated":true}]}}