{"id":348,"date":"2018-05-12T14:22:04","date_gmt":"2018-05-12T13:22:04","guid":{"rendered":"http:\/\/svetaobitelj.hr\/?p=348"},"modified":"2020-01-29T21:59:02","modified_gmt":"2020-01-29T20:59:02","slug":"zupne-obavijesti-7","status":"publish","type":"post","link":"https:\/\/svetaobitelj.hr\/?p=348","title":{"rendered":"\u017dupne obavijesti:7. vazmena nedjelja"},"content":{"rendered":"<p>7. VAZMENA NEDJELJA<br \/>\n13. svibnja 2018.<\/p>\n<p>1.\tDanas slavimo sedmu vazmenu nedjelju. Druga je nedjelja u svibnju kada slavimo Maj\u010din dan. Sakupljamo nov\u010dane priloge za obnovu Ku\u0107e susreta Tabor u Samoboru. Redoviti mjese\u010dni susret Mjesnoga bratstva OFS-a je u 16:30 sati. U tijeku su svibanjske pobo\u017enosti.<\/p>\n<p>2.\tSutra je biblijski sat nakon ve\u010dernje svete mise. U utorak je pobo\u017enost na \u010dast sv. Antunu Padovanskom u 18:15. U srijedu je nakon ve\u010dernje svete mise sastanak \u010dlanova udruge Vojske Bezgre\u0161ne.<\/p>\n<p>3.\tU \u010detvrtak je nakon ve\u010dernje svete mise klanjanje pred Presvetim, a redoviti sastanak \u017eupnih vije\u0107a je u 19:30 sati.<\/p>\n<p>4.\tU subotu je u Valpovu Nadbiskupijski susret osoba s invaliditetom i \u010dlanova njihovih obitelji.<\/p>\n<p>5.\tSljede\u0107e nedjelje slavimo Nedjelju Pedesetnice &#8211; Duhove. Zavr\u0161etak je vazmenog ciklusa crkvene ili liturgijske godine.<\/p>\n<p>6.\tNa\u0161a \u017dupa slavi 1. lipnja ove godine 10. obljetnicu posvete crkve. Prigodom tog slavlja imat \u0107emo nekoliko duhovnih sadr\u017eaja: u nedjelju, 27. svibnja pod svetom misom u 11:00 sati pjevat \u0107e \u017eenska klapa \u201eSozal\u201c sa Raba; u srijedu, 30. svibnja, slavimo Dan gradske \u010detvrti, a pod svetom misom u 18:30 sati molimo za na\u0161u gradsku \u010detvrt; u \u010detvrtak, 31. svibnja, slavimo zapovijedani blagdan Tijelovo kada su mise po nedjeljnom rasporedu, a tijelovska procesija oko na\u0161e crkve i samostana je nakon ve\u010dernje svete mise; u petak, 1. lipnja slavimo obljetnicu posvete na\u0161e crkve, a sve\u010dana sveta misa bit \u0107e u 18:30 sati koju \u0107e predslaviti na\u0161 gvardijan, fra Ante Perkovi\u0107 iz samostana u Tvr\u0111i; i, kao zavr\u0161etak slavlja imat \u0107emo \u017eupno hodo\u010da\u0161\u0107e na Trsat u subotu, 2. lipnja. Prijave su u \u017eupnom uredu u uredovno vrijeme. Cijena puta je 170 kn, a polazak \u0107e biti u 4:00 sata. <\/p>\n<p>7.\t\u0110akova\u010dko\u2013osje\u010dka nadbiskupija doma\u0107in je zavr\u0161nice Katoli\u010dke malonogometne lige koja \u0107e se odr\u017eati od 7. do 10. lipnja ove godine. \u010citav program odr\u017eat \u0107e se u Osijeku, a sudjelovat \u0107e 12 malonogometnih ekipa iz Hrvatske i Bosne i Hercegovine. Pozvani smo da otvorimo vrata svojih domova u Osijeku za sudionike ove Zavr\u0161nice. Smje\u0161taj je potreban za 120 mladi\u0107a uz tri no\u0107enja te doru\u010dak i ve\u010deru. Za sva pitanja vezana uz gore spomenuti smje\u0161taj mo\u017eete kontaktirati vl\u010d. Ivana Begovi\u0107a na broj mobitela 098 9422 291 ili na broj telefona Ureda za pastoral mladih 253 932. <\/p>\n<p>8.\tVA\u017dNO!<br \/>\nPriop\u0107enje Nadbiskupskog ordinarijata \u0110akovo br. 556\/2018.:<br \/>\nObavije\u0161teni smo da su \u017eupni uredi u Republici Hrvatskoj minulih dana primili dopise od gra\u0111anskih inicijativa: Istina o Istanbulskoj i Narod odlu\u010duje glede prikupljanja potpisa  za referendume, sa zamolbom da o njima izvijeste vjernike u crkvama i omogu\u0107e prikupljanje potpisa pred crkvama.<br \/>\n\u010clanovi Stalnoga vije\u0107a HBK su o tome razgovarali na svojoj sjednici u Zagrebu, 3. svibnja ove godine. Mi\u0161ljenja su da trajno treba imati pred o\u010dima \u0161to nagla\u0161ava Drugi vatikanski sabor: \u201ePoliti\u010dka zajednica i Crkva, svaka na svome osebujnom podru\u010dju, jedna o drugoj neovisne su i autonomne. Obje su, iako s razli\u010ditost naslova, u slu\u017ebi osobnog i dru\u0161tvenog poziva istih ljudi\u201c (GS 76). Budu\u0107i da svoje poslanje Crkva ostvaruje u demokratskom dru\u0161tvu, ona poti\u010de svoje vjernike da pridonose humanijoj izgradnji dru\u0161tva, posebno kad je u pitanju promicanje \u010dovjeka i dostojanstvo braka i obitelji. (usp. GS 47-48).<br \/>\nCrkvi je, naime, stalo da se promi\u010de i pobolj\u0161ava proces politi\u010dkoga odlu\u010divanja tako da se, s jedne strane, omogu\u0107uje sloboda izja\u0161njavanja, i to \u0161to neposrednija, pravednija i odgovorna zastupljenost svih hrvatskih dr\u017eavljana u politi\u010dkome \u017eivotu, te da se, s druge strane, onemogu\u0107i izigravanje i odstupanje od stavova i vrjednota za koje su zastupnici dobili povjerenje svojih bira\u010da.<br \/>\nU tom vidu o\u010dekuje se da Kristovi vjernici laici zastupaju i promi\u010du kr\u0161\u0107anske vrjednote u pluralisti\u010dkom dru\u0161tvu, kao i sve ono \u0161to slu\u017ei ve\u0107em razvoju demokracije i op\u0107em dobru dru\u0161tva. Isti\u010demo kako je svaki vjernik slobodan poduprijeti nastojanje da se izravnim sudjelovanjem gra\u0111ana unaprje\u0111uju vrijednosti koje u sebi sadr\u017ei demokratski sustav i \u0161to jasnije \u010duje glas naroda, dakako uz po\u0161tivanje zakonskih okvira i pravnog poretka Republike Hrvatske.<br \/>\nNavedenim gra\u0111anskim inicijativama se, stoga, mo\u017ee dopustiti prikupljanje potpisa ispred crkve.<br \/>\nO 120. obljetnici ro\u0111enja bla\u017eenoga Alojzija Stepinca, koji je trajno vidljivi kompas na putu istine, slobode i ljubavi zazivamo njegov zagovor uz pozdrav i blagoslov u Gospodinu.<br \/>\nU \u0110akovu, 8. svibnja 2018., Nadbiskupski ordinarijat u \u0110akovu<\/p>\n<p>9.\tMolimo sve vas koji jo\u0161 nemate \u017eupnu knji\u017eicu ili je potrebno upisati promjene u postoje\u0107e, da se javite u \u017eupni ured. Mnogi tra\u017ee posvjedo\u010denja za kumovanje i sli\u010dne dokumente, govore da su iz na\u0161e \u017dupe, a nemamo nikakvih podataka o njima preko obiteljskih knji\u017eica ili da primaju blagoslov obitelji. Isto je tako i kod prijavljivanja za kr\u0161tenja, sprovode&#8230;<\/p>\n<p>10.\tTermini za svete mise popunjeni su misnim nakanama do kraja godine. Kupujte i \u010ditajte vjerski tisak. <\/p>\n","protected":false},"excerpt":{"rendered":"<p>7. VAZMENA NEDJELJA 13. svibnja 2018. 1. Danas slavimo sedmu vazmenu nedjelju. Druga je nedjelja u svibnju kada slavimo Maj\u010din dan. Sakupljamo nov\u010dane priloge za obnovu Ku\u0107e susreta Tabor u Samoboru. Redoviti mjese\u010dni susret Mjesnoga bratstva OFS-a je u 16:30 sati. U tijeku su svibanjske pobo\u017enosti. 2. Sutra je biblijski sat nakon ve\u010dernje svete mise. <a href=\"https:\/\/svetaobitelj.hr\/?p=348\" class=\"more-link\">[&hellip;]<\/a><\/p>\n","protected":false},"author":2,"featured_media":0,"comment_status":"closed","ping_status":"closed","sticky":false,"template":"","format":"standard","meta":{"footnotes":""},"categories":[3],"tags":[],"class_list":["entry","author-","post-348","post","type-post","status-publish","format-standard","category-zupa"],"_links":{"self":[{"href":"https:\/\/svetaobitelj.hr\/index.php?rest_route=\/wp\/v2\/posts\/348","targetHints":{"allow":["GET"]}}],"collection":[{"href":"https:\/\/svetaobitelj.hr\/index.php?rest_route=\/wp\/v2\/posts"}],"about":[{"href":"https:\/\/svetaobitelj.hr\/index.php?rest_route=\/wp\/v2\/types\/post"}],"author":[{"embeddable":true,"href":"https:\/\/svetaobitelj.hr\/index.php?rest_route=\/wp\/v2\/users\/2"}],"replies":[{"embeddable":true,"href":"https:\/\/svetaobitelj.hr\/index.php?rest_route=%2Fwp%2Fv2%2Fcomments&post=348"}],"version-history":[{"count":4,"href":"https:\/\/svetaobitelj.hr\/index.php?rest_route=\/wp\/v2\/posts\/348\/revisions"}],"predecessor-version":[{"id":361,"href":"https:\/\/svetaobitelj.hr\/index.php?rest_route=\/wp\/v2\/posts\/348\/revisions\/361"}],"wp:attachment":[{"href":"https:\/\/svetaobitelj.hr\/index.php?rest_route=%2Fwp%2Fv2%2Fmedia&parent=348"}],"wp:term":[{"taxonomy":"category","embeddable":true,"href":"https:\/\/svetaobitelj.hr\/index.php?rest_route=%2Fwp%2Fv2%2Fcategories&post=348"},{"taxonomy":"post_tag","embeddable":true,"href":"https:\/\/svetaobitelj.hr\/index.php?rest_route=%2Fwp%2Fv2%2Ftags&post=348"}],"curies":[{"name":"wp","href":"https:\/\/api.w.org\/{rel}","templated":true}]}}