{"id":3476,"date":"2024-11-02T15:35:40","date_gmt":"2024-11-02T14:35:40","guid":{"rendered":"https:\/\/svetaobitelj.hr\/?p=3476"},"modified":"2024-11-02T15:37:00","modified_gmt":"2024-11-02T14:37:00","slug":"zupne-obavijesti-31-nedjelja-kroz-godinu-6","status":"publish","type":"post","link":"https:\/\/svetaobitelj.hr\/?p=3476","title":{"rendered":"\u017dupne obavijesti: 31. nedjelja kroz godinu"},"content":{"rendered":"\n<p>Slavimo trideset i prvu nedjelju kroz godinu. Prva je nedjelja u mjesecu kada se svojim molitvama i nov\u010danim prilozima sje\u0107amo na\u0161ih odgojnih ustanova i molimo za duhovna zvanja. Svoj nov\u010dani dar za sjemeni\u0161ta mo\u017eete dati na izlazu iz crkve.<\/p>\n\n\n\n<p>U \u010detvrtak obilje\u017eavamo spomen smrti sl. Bo\u017ejega Alekse Benigara, franjevca na\u0161e Hrvatske franjeva\u010dke provincije sv. \u0106irila i Metoda i misionara u Kini. Nakon ve\u010dernje svete mise klanjanje je pred Presvetim. U petak je u na\u0161em samostanu vizitacija provincijalnog ministra fra Milana Kri\u0161te.<\/p>\n\n\n\n<p>U subotu, 9. studenoga, s po\u010detkom u 11:00 sati, bit \u0107e dekanatski susret bra\u010dnih parova u \u017eupi sv. Petra i Pavla u Osijeku. Zainteresirani neka se jave u \u017eupni ured do srijede, 6. studenoga, kako bi ih mogao prijaviti na ovaj susret, kao i radi detaljnijih uputa.<\/p>\n\n\n\n<p>Sljede\u0107e nedjelje slavimo trideset i drugu nedjelju kroz godinu. U \u017eupama na\u0161e \u0110akova\u010dko-osje\u010dke nadbiskupije obilje\u017eit \u0107e se Nedjelja bra\u010dnih jubileja. U na\u0161oj \u017eupnoj crkvi obilje\u017eit \u0107emo bra\u010dne jubileje pod svetom misom u 10:00 sati. Svi koji slavite 10, 20, 25, 30, 40, 50 godina braka ili vi\u0161e od toga, javite se tijekom tjedna u \u017eupni ured kako bi se zajedni\u010dki pripremili za slavlje u na\u0161oj \u017eupi. Redoviti mjese\u010dni susret Mjesnoga bratstva OFS-a bit \u0107e sljede\u0107e nedjelje u 16:30 sati.<\/p>\n\n\n\n<p>Zahvalni za va\u0161u pomo\u0107 kojom poma\u017eete obnovu na\u0161ih crkava i samostana nastradalih u potresima, preporu\u010damo se i nadalje va\u0161oj dobroti. Svoj nov\u010dani prilog mo\u017eete dati u posebno ozna\u010denu \u0161krabicu pri izlazu iz crkve ili u \u017eupni ured ili direktno uplatiti na ra\u010dun koji se nalazi na letku.<\/p>\n\n\n\n<p>Molimo sve vas koji jo\u0161 nemate \u017eupnu obiteljsku knji\u017eicu ili je potrebno upisati promjene u postoje\u0107e, da se javite u \u017eupni ured.<\/p>\n\n\n\n<p>Kupujte i \u010ditajte katoli\u010dki vjerski tisak. Kalendare za sljede\u0107u godinu mo\u017eete kupiti u gornjoj sakristiji i u \u017eupnom uredu.<\/p>\n","protected":false},"excerpt":{"rendered":"<p>Slavimo trideset i prvu nedjelju kroz godinu. Prva je nedjelja u mjesecu kada se svojim molitvama i nov\u010danim prilozima sje\u0107amo na\u0161ih odgojnih ustanova i molimo za duhovna zvanja. Svoj nov\u010dani dar za sjemeni\u0161ta mo\u017eete dati na izlazu iz crkve. U \u010detvrtak obilje\u017eavamo spomen smrti sl. Bo\u017ejega Alekse Benigara, franjevca na\u0161e Hrvatske franjeva\u010dke provincije sv. \u0106irila <a href=\"https:\/\/svetaobitelj.hr\/?p=3476\" class=\"more-link\">[&hellip;]<\/a><\/p>\n","protected":false},"author":2,"featured_media":0,"comment_status":"closed","ping_status":"open","sticky":false,"template":"","format":"standard","meta":{"footnotes":""},"categories":[3],"tags":[],"class_list":["entry","author-","post-3476","post","type-post","status-publish","format-standard","category-zupa"],"_links":{"self":[{"href":"https:\/\/svetaobitelj.hr\/index.php?rest_route=\/wp\/v2\/posts\/3476","targetHints":{"allow":["GET"]}}],"collection":[{"href":"https:\/\/svetaobitelj.hr\/index.php?rest_route=\/wp\/v2\/posts"}],"about":[{"href":"https:\/\/svetaobitelj.hr\/index.php?rest_route=\/wp\/v2\/types\/post"}],"author":[{"embeddable":true,"href":"https:\/\/svetaobitelj.hr\/index.php?rest_route=\/wp\/v2\/users\/2"}],"replies":[{"embeddable":true,"href":"https:\/\/svetaobitelj.hr\/index.php?rest_route=%2Fwp%2Fv2%2Fcomments&post=3476"}],"version-history":[{"count":1,"href":"https:\/\/svetaobitelj.hr\/index.php?rest_route=\/wp\/v2\/posts\/3476\/revisions"}],"predecessor-version":[{"id":3477,"href":"https:\/\/svetaobitelj.hr\/index.php?rest_route=\/wp\/v2\/posts\/3476\/revisions\/3477"}],"wp:attachment":[{"href":"https:\/\/svetaobitelj.hr\/index.php?rest_route=%2Fwp%2Fv2%2Fmedia&parent=3476"}],"wp:term":[{"taxonomy":"category","embeddable":true,"href":"https:\/\/svetaobitelj.hr\/index.php?rest_route=%2Fwp%2Fv2%2Fcategories&post=3476"},{"taxonomy":"post_tag","embeddable":true,"href":"https:\/\/svetaobitelj.hr\/index.php?rest_route=%2Fwp%2Fv2%2Ftags&post=3476"}],"curies":[{"name":"wp","href":"https:\/\/api.w.org\/{rel}","templated":true}]}}