{"id":3453,"date":"2024-10-18T07:04:32","date_gmt":"2024-10-18T06:04:32","guid":{"rendered":"https:\/\/svetaobitelj.hr\/?p=3453"},"modified":"2024-10-18T07:04:32","modified_gmt":"2024-10-18T06:04:32","slug":"zupne-obavijesti-29-nedjelja-kroz-godinu-6","status":"publish","type":"post","link":"https:\/\/svetaobitelj.hr\/?p=3453","title":{"rendered":"\u017dupne obavijesti: 29. nedjelja kroz godinu"},"content":{"rendered":"\n<p>Slavimo dvadeset i devetu nedjelju kroz godinu. Danas prikupljamo nov\u010dane priloge za nastradale u strahovitim poplavama u Bosni i Hercegovini. Svoj nov\u010dani prilog mo\u017eete dati na izlazu iz crkve. Za one koji \u017eele pojedina\u010dno pomo\u0107i nastradalima u poplavama u Bosni i Hercegovini imate obavijest \u2013 plakat na oglasnoj plo\u010di.<\/p>\n\n\n\n<p>Danas slavimo Misijsku nedjelju. Pozvani smo da svojim molitvama i nov\u010danim prilozima pomognemo rad misionara diljem svijeta. Nov\u010dane priloge za misije prikupljat \u0107emo sljede\u0107e nedjelje nakon svetih misa. Svoj nov\u010dani dar mo\u017eete donijeti i u \u017eupni ured u uredovno vrijeme.<\/p>\n\n\n\n<p>U \u010detvrtak ne\u0107e biti otvoren \u017eupni ured poslije podne i ne\u0107e biti \u017eupne kateheze za krizmanike.<\/p>\n\n\n\n<p>U subotu ne\u0107e biti otvoren \u017eupni ured. U \u0110akovu su izbori za Podru\u010dno vije\u0107e OFS-a.<\/p>\n\n\n\n<p>Sljede\u0107e nedjelje slavimo tridesetu nedjelju kroz godinu.<\/p>\n\n\n\n<p>Zahvalni za va\u0161u pomo\u0107 kojom poma\u017eete obnovu na\u0161ih crkava i samostana nastradalih u potresima, preporu\u010damo se i nadalje va\u0161oj dobroti. Svoj nov\u010dani prilog mo\u017eete dati u posebno ozna\u010denu \u0161krabicu pri izlazu iz crkve ili u \u017eupni ured ili direktno uplatiti na ra\u010dun koji se nalazi na letku.<\/p>\n\n\n\n<p>Molimo sve vas koji jo\u0161 nemate \u017eupnu obiteljsku knji\u017eicu ili je potrebno upisati promjene u postoje\u0107e, da se javite u \u017eupni ured.<\/p>\n\n\n\n<p>Kupujte i \u010ditajte katoli\u010dki vjerski tisak.<\/p>\n","protected":false},"excerpt":{"rendered":"<p>Slavimo dvadeset i devetu nedjelju kroz godinu. Danas prikupljamo nov\u010dane priloge za nastradale u strahovitim poplavama u Bosni i Hercegovini. Svoj nov\u010dani prilog mo\u017eete dati na izlazu iz crkve. Za one koji \u017eele pojedina\u010dno pomo\u0107i nastradalima u poplavama u Bosni i Hercegovini imate obavijest \u2013 plakat na oglasnoj plo\u010di. Danas slavimo Misijsku nedjelju. Pozvani smo <a href=\"https:\/\/svetaobitelj.hr\/?p=3453\" class=\"more-link\">[&hellip;]<\/a><\/p>\n","protected":false},"author":2,"featured_media":0,"comment_status":"closed","ping_status":"open","sticky":false,"template":"","format":"standard","meta":{"footnotes":""},"categories":[3],"tags":[],"class_list":["entry","author-","post-3453","post","type-post","status-publish","format-standard","category-zupa"],"_links":{"self":[{"href":"https:\/\/svetaobitelj.hr\/index.php?rest_route=\/wp\/v2\/posts\/3453","targetHints":{"allow":["GET"]}}],"collection":[{"href":"https:\/\/svetaobitelj.hr\/index.php?rest_route=\/wp\/v2\/posts"}],"about":[{"href":"https:\/\/svetaobitelj.hr\/index.php?rest_route=\/wp\/v2\/types\/post"}],"author":[{"embeddable":true,"href":"https:\/\/svetaobitelj.hr\/index.php?rest_route=\/wp\/v2\/users\/2"}],"replies":[{"embeddable":true,"href":"https:\/\/svetaobitelj.hr\/index.php?rest_route=%2Fwp%2Fv2%2Fcomments&post=3453"}],"version-history":[{"count":1,"href":"https:\/\/svetaobitelj.hr\/index.php?rest_route=\/wp\/v2\/posts\/3453\/revisions"}],"predecessor-version":[{"id":3454,"href":"https:\/\/svetaobitelj.hr\/index.php?rest_route=\/wp\/v2\/posts\/3453\/revisions\/3454"}],"wp:attachment":[{"href":"https:\/\/svetaobitelj.hr\/index.php?rest_route=%2Fwp%2Fv2%2Fmedia&parent=3453"}],"wp:term":[{"taxonomy":"category","embeddable":true,"href":"https:\/\/svetaobitelj.hr\/index.php?rest_route=%2Fwp%2Fv2%2Fcategories&post=3453"},{"taxonomy":"post_tag","embeddable":true,"href":"https:\/\/svetaobitelj.hr\/index.php?rest_route=%2Fwp%2Fv2%2Ftags&post=3453"}],"curies":[{"name":"wp","href":"https:\/\/api.w.org\/{rel}","templated":true}]}}