{"id":345,"date":"2018-05-12T14:21:03","date_gmt":"2018-05-12T13:21:03","guid":{"rendered":"http:\/\/svetaobitelj.hr\/?p=345"},"modified":"2020-01-29T21:59:02","modified_gmt":"2020-01-29T20:59:02","slug":"prva-pricest","status":"publish","type":"post","link":"https:\/\/svetaobitelj.hr\/?p=345","title":{"rendered":"Prva Pri\u010dest"},"content":{"rendered":"<p>06.svibnja pod svetom misom u 11 sati 77-ero djece prvi puta je primilo sv. Pri\u010dest. Nakon trogodi\u0161nje priprave djeca su se prvi puta i ispovjedila te time napravila prvi korak u ravnopravnom i ozbiljnom pristupu svetoj misi sa ostalim vjernicima&#8230;Slavlje je predvodio fra Dragutin koji je u propovijedi pozvao djecu da potaknu svoje obitelji da zajedni\u010dki sudjeluju u liturgijskim slavljima na\u0161e \u017dupe. Dragi na\u0161i prvopri\u010desnici,neka vam dragi Isus bude i dalje va\u0161 put kojim \u0107ete smjelo kro\u010diti kroz \u017eivot jer \u0107ete znati da uza sebe imate vjernog prijatelja i suputnika.<\/p>\n<p><img loading=\"lazy\" decoding=\"async\" class=\" wp-image-346 aligncenter\" src=\"http:\/\/svetaobitelj.hr\/wp-content\/uploads\/2018\/05\/slika-1-300x300.jpg\" alt=\"\" width=\"318\" height=\"318\" \/><\/p>\n","protected":false},"excerpt":{"rendered":"<p>06.svibnja pod svetom misom u 11 sati 77-ero djece prvi puta je primilo sv. Pri\u010dest. Nakon trogodi\u0161nje priprave djeca su se prvi puta i ispovjedila te time napravila prvi korak u ravnopravnom i ozbiljnom pristupu svetoj misi sa ostalim vjernicima&#8230;Slavlje je predvodio fra Dragutin koji je u propovijedi pozvao djecu da potaknu svoje obitelji da <a href=\"https:\/\/svetaobitelj.hr\/?p=345\" class=\"more-link\">[&hellip;]<\/a><\/p>\n","protected":false},"author":2,"featured_media":0,"comment_status":"closed","ping_status":"closed","sticky":false,"template":"","format":"standard","meta":{"footnotes":""},"categories":[3],"tags":[],"class_list":["entry","author-","post-345","post","type-post","status-publish","format-standard","category-zupa"],"_links":{"self":[{"href":"https:\/\/svetaobitelj.hr\/index.php?rest_route=\/wp\/v2\/posts\/345","targetHints":{"allow":["GET"]}}],"collection":[{"href":"https:\/\/svetaobitelj.hr\/index.php?rest_route=\/wp\/v2\/posts"}],"about":[{"href":"https:\/\/svetaobitelj.hr\/index.php?rest_route=\/wp\/v2\/types\/post"}],"author":[{"embeddable":true,"href":"https:\/\/svetaobitelj.hr\/index.php?rest_route=\/wp\/v2\/users\/2"}],"replies":[{"embeddable":true,"href":"https:\/\/svetaobitelj.hr\/index.php?rest_route=%2Fwp%2Fv2%2Fcomments&post=345"}],"version-history":[{"count":1,"href":"https:\/\/svetaobitelj.hr\/index.php?rest_route=\/wp\/v2\/posts\/345\/revisions"}],"predecessor-version":[{"id":347,"href":"https:\/\/svetaobitelj.hr\/index.php?rest_route=\/wp\/v2\/posts\/345\/revisions\/347"}],"wp:attachment":[{"href":"https:\/\/svetaobitelj.hr\/index.php?rest_route=%2Fwp%2Fv2%2Fmedia&parent=345"}],"wp:term":[{"taxonomy":"category","embeddable":true,"href":"https:\/\/svetaobitelj.hr\/index.php?rest_route=%2Fwp%2Fv2%2Fcategories&post=345"},{"taxonomy":"post_tag","embeddable":true,"href":"https:\/\/svetaobitelj.hr\/index.php?rest_route=%2Fwp%2Fv2%2Ftags&post=345"}],"curies":[{"name":"wp","href":"https:\/\/api.w.org\/{rel}","templated":true}]}}