{"id":3448,"date":"2024-10-11T08:40:09","date_gmt":"2024-10-11T07:40:09","guid":{"rendered":"https:\/\/svetaobitelj.hr\/?p=3448"},"modified":"2024-10-11T08:40:10","modified_gmt":"2024-10-11T07:40:10","slug":"seminar-za-karitativne-djelatnike-suradnike-i-animatore","status":"publish","type":"post","link":"https:\/\/svetaobitelj.hr\/?p=3448","title":{"rendered":"Seminar za karitativne djelatnike, suradnike i animatore"},"content":{"rendered":"\n<p>U srijedu 09. listopada 2024. godine odr\u017ean je seminar za karitativne djelatnike, suradnike i animatore u \u017eupi sv. \u0106irila i Metoda u Osijeku. Izlaganje na temu &#8220;Siroma\u0161ni mirom&#8221; iz Papine poruke za 8. svjetski dan siromaha odr\u017eao je vl\u010d. Dejan  \u010caplar. Zatim je uslijedio prakti\u010dni dio na temu:&#8221; Obitelj- ognji\u0161te istinske ljubavi&#8221;. Na seminaru su nazo\u010dili i animatori i suradnici iz na\u0161e \u017eupe.<\/p>\n\n\n\n<figure class=\"wp-block-gallery columns-1 is-cropped wp-block-gallery-1 is-layout-flex wp-block-gallery-is-layout-flex\"><ul class=\"blocks-gallery-grid\"><li class=\"blocks-gallery-item\"><figure><img loading=\"lazy\" decoding=\"async\" width=\"1024\" height=\"1024\" src=\"https:\/\/svetaobitelj.hr\/wp-content\/uploads\/2024\/10\/slika3-1024x1024.jpg\" alt=\"\" data-id=\"3449\" data-full-url=\"https:\/\/svetaobitelj.hr\/wp-content\/uploads\/2024\/10\/slika3.jpg\" data-link=\"https:\/\/svetaobitelj.hr\/?attachment_id=3449\" class=\"wp-image-3449\" srcset=\"https:\/\/svetaobitelj.hr\/wp-content\/uploads\/2024\/10\/slika3-1024x1024.jpg 1024w, https:\/\/svetaobitelj.hr\/wp-content\/uploads\/2024\/10\/slika3-300x300.jpg 300w, https:\/\/svetaobitelj.hr\/wp-content\/uploads\/2024\/10\/slika3-150x150.jpg 150w, https:\/\/svetaobitelj.hr\/wp-content\/uploads\/2024\/10\/slika3-768x768.jpg 768w, https:\/\/svetaobitelj.hr\/wp-content\/uploads\/2024\/10\/slika3-1536x1536.jpg 1536w, https:\/\/svetaobitelj.hr\/wp-content\/uploads\/2024\/10\/slika3.jpg 2048w\" sizes=\"auto, (max-width: 1024px) 100vw, 1024px\" \/><\/figure><\/li><\/ul><\/figure>\n\n\n\n<p> U nastavku donosimo dio iz poruke Pape Franje vezano uz Svjetski dan siromaha:<\/p>\n\n\n\n<p>U poruci na temu: \u201eNe okre\u0107i lice od siromaha\u201c, pozivaju\u0107i se na Knjigu o Tobiji, Papa nudi tuma\u010denje stvarnosti koja proizlazi iz prepoznavanja u najkrhkijem \u201elicu Gospodina Isusa\u201c, neovisno o boji ko\u017ee, dru\u0161tvenom statusu i porijeklu. U njemu se krije brat kojeg treba susresti, osloba\u0111aju\u0107i se ravnodu\u0161nosti, isti\u010de papa Franjo.<\/p>\n\n\n\n<h2 class=\"wp-block-heading\"><strong>Razmjer problema<\/strong><\/h2>\n\n\n\n<p>Sveti Otac zapo\u010dinje svoju poruku nagla\u0161avaju\u0107i da velika rijeka siroma\u0161tva prolazi na\u0161im gradovima i buja do to\u010dke izlijevanja. Tolike su potrebe na\u0161e bra\u0107e i sestara koji mole za na\u0161u pomo\u0107, potporu i solidarnost, napominje rimski biskup.<\/p>\n\n\n\n<p>\u017divimo, nastavlja Papa, u vremenima koja nisu osobito osjetljiva na potrebe siroma\u0161nih. Pozivi na blagostanje su sve glasniji, dok se glasovi onih koji \u017eive u siroma\u0161tvu uglavnom ne \u010duju.<\/p>\n\n\n\n<p>Posebice nagla\u0161ava nove oblike siroma\u0161tva, kao \u0161to su ljudi zahva\u0107eni ratnim situacijama, nehumano postupanje prema mnogim radnicima u razli\u010ditim sektorima, za koje je rekao da su dovele do dramati\u010dnog pove\u0107anja cijena koje dodatno osiroma\u0161uje mnoge obitelji.<\/p>\n\n\n\n<h2 class=\"wp-block-heading\"><strong>Na\u0161 odgovor<\/strong><\/h2>\n\n\n\n<p>Suo\u010deni s problemima takvih razmjera, pi\u0161e papa Franjo, na\u0161a je odgovornost jasna. Tako izraz \u201eNe okre\u0107i lica od siromaha\u201c vodi nas k stjecanju kreposti milosr\u0111a, milosr\u0111a koje daje smisao i vrijednost \u010ditavom kr\u0161\u0107anskom \u017eivotu.<\/p>\n\n\n\n<p>Jednom rije\u010dju, nastavlja Papa, kad god se susretnemo sa siromahom, ne smijemo skrenuti pogled jer nas to sprje\u010dava da se susretnemo s licem Gospodina Isusa.<\/p>\n\n\n\n<p>Dakle, prispodoba o milosrdnom Samaritancu nije samo pri\u010da iz pro\u0161losti; ve\u0107 propituje sada\u0161njost svakoga od nas. Lako je na druge prebacivati, dati novac kako bi drugi mogli \u010diniti dobra djela velikodu\u0161an je \u010dina, ali ono na \u0161to je svaki kr\u0161\u0107anin pozvan jest osobno se uklju\u010diti, pi\u0161e Sveti Otac.<\/p>\n\n\n\n<h2 class=\"wp-block-heading\"><strong>Politi\u010dko i zakonodavno djelovanje<\/strong><\/h2>\n\n\n\n<p>Papa Franjo dalje isti\u010de da se ove godine obilje\u017eava 60. obljetnica objave enciklike&nbsp;<em>Pacem in Terris<\/em>&nbsp;pape Ivana XXIII., u kojoj je istaknuto da: Svako ljudsko bi\u0107e u\u017eiva pravo na \u017eivot, tjelesni integritet i potrebna sredstva za regularan razvoj \u017eivota, uklju\u010duju\u0107i hranu, odje\u0107u, skloni\u0161te, medicinsku skrb, odmor i potrebne socijalne usluge.<\/p>\n\n\n\n<p>Kako djelovati, pita papa Franjo, pred neuspjehom politi\u010dkog i zakonodavnog djelovanja da se isporu\u010de ta dobra?<\/p>\n\n\n\n<p>Odgovor je, ka\u017ee, dvostruk. Postoji, s jedne strane, potreba poticanja, pa \u010dak i vr\u0161enja pritiska na javne institucije da valjano obavljaju svoje du\u017enosti, ali, s druge strane, nema koristi pasivno \u010dekati da se sve primi \u2018s visine\u2019.<\/p>\n\n\n\n<p>Oni koji \u017eive u siroma\u0161tvu, nagla\u0161ava papa Franjo, tako\u0111er trebaju biti uklju\u010deni u potragu za promjenom i odgovorno\u0161\u0107u.<\/p>\n\n\n\n<p><\/p>\n","protected":false},"excerpt":{"rendered":"<p>U srijedu 09. listopada 2024. godine odr\u017ean je seminar za karitativne djelatnike, suradnike i animatore u \u017eupi sv. \u0106irila i Metoda u Osijeku. Izlaganje na temu &#8220;Siroma\u0161ni mirom&#8221; iz Papine poruke za 8. svjetski dan siromaha odr\u017eao je vl\u010d. Dejan \u010caplar. Zatim je uslijedio prakti\u010dni dio na temu:&#8221; Obitelj- ognji\u0161te istinske ljubavi&#8221;. Na seminaru su <a href=\"https:\/\/svetaobitelj.hr\/?p=3448\" class=\"more-link\">[&hellip;]<\/a><\/p>\n","protected":false},"author":2,"featured_media":0,"comment_status":"closed","ping_status":"open","sticky":false,"template":"","format":"standard","meta":{"footnotes":""},"categories":[3],"tags":[],"class_list":["entry","author-","post-3448","post","type-post","status-publish","format-standard","category-zupa"],"_links":{"self":[{"href":"https:\/\/svetaobitelj.hr\/index.php?rest_route=\/wp\/v2\/posts\/3448","targetHints":{"allow":["GET"]}}],"collection":[{"href":"https:\/\/svetaobitelj.hr\/index.php?rest_route=\/wp\/v2\/posts"}],"about":[{"href":"https:\/\/svetaobitelj.hr\/index.php?rest_route=\/wp\/v2\/types\/post"}],"author":[{"embeddable":true,"href":"https:\/\/svetaobitelj.hr\/index.php?rest_route=\/wp\/v2\/users\/2"}],"replies":[{"embeddable":true,"href":"https:\/\/svetaobitelj.hr\/index.php?rest_route=%2Fwp%2Fv2%2Fcomments&post=3448"}],"version-history":[{"count":1,"href":"https:\/\/svetaobitelj.hr\/index.php?rest_route=\/wp\/v2\/posts\/3448\/revisions"}],"predecessor-version":[{"id":3450,"href":"https:\/\/svetaobitelj.hr\/index.php?rest_route=\/wp\/v2\/posts\/3448\/revisions\/3450"}],"wp:attachment":[{"href":"https:\/\/svetaobitelj.hr\/index.php?rest_route=%2Fwp%2Fv2%2Fmedia&parent=3448"}],"wp:term":[{"taxonomy":"category","embeddable":true,"href":"https:\/\/svetaobitelj.hr\/index.php?rest_route=%2Fwp%2Fv2%2Fcategories&post=3448"},{"taxonomy":"post_tag","embeddable":true,"href":"https:\/\/svetaobitelj.hr\/index.php?rest_route=%2Fwp%2Fv2%2Ftags&post=3448"}],"curies":[{"name":"wp","href":"https:\/\/api.w.org\/{rel}","templated":true}]}}