{"id":3430,"date":"2024-10-06T13:42:29","date_gmt":"2024-10-06T12:42:29","guid":{"rendered":"http:\/\/svetaobitelj.hr\/?p=3430"},"modified":"2024-10-07T07:11:06","modified_gmt":"2024-10-07T06:11:06","slug":"sveti-franjo-4","status":"publish","type":"post","link":"https:\/\/svetaobitelj.hr\/?p=3430","title":{"rendered":"Sveti Franjo"},"content":{"rendered":"\n<p>Franjo, po\u0111i i popravi mi crkvu jer, kako vidi\u0161, sva je u ru\u0161evinama!<\/p>\n\n\n\n<div class=\"wp-block-image\"><figure class=\"aligncenter size-large\"><img loading=\"lazy\" decoding=\"async\" width=\"768\" height=\"1024\" src=\"http:\/\/svetaobitelj.hr\/wp-content\/uploads\/2024\/10\/20241006_130743-768x1024.jpg\" alt=\"\" class=\"wp-image-3434\" srcset=\"https:\/\/svetaobitelj.hr\/wp-content\/uploads\/2024\/10\/20241006_130743-768x1024.jpg 768w, https:\/\/svetaobitelj.hr\/wp-content\/uploads\/2024\/10\/20241006_130743-225x300.jpg 225w, https:\/\/svetaobitelj.hr\/wp-content\/uploads\/2024\/10\/20241006_130743-1152x1536.jpg 1152w, https:\/\/svetaobitelj.hr\/wp-content\/uploads\/2024\/10\/20241006_130743.jpg 1200w\" sizes=\"auto, (max-width: 768px) 100vw, 768px\" \/><\/figure><\/div>\n\n\n\n<p>Sveti Franjo Asi\u0161ki je divan svetac kojemu se mo\u017eemo obratiti kad se suo\u010davamo s bolom i patnjom \u2013 ili kada na\u0161e du\u0161e jednostavno trebaju ponovno postavljanje. Svi se suo\u010davamo s svakodnevnim izazovima u \u017eivotu \u2013 bilo da su oni medicinske prirode, duhovni, financijski \u2026 Neki se moraju suo\u010diti s hororom rata, drugi pate od zlostavljanja ili ravnodu\u0161nosti, a drugi od rana koje su sami nanijeli. Nitko od nas ne mo\u017ee izbje\u0107i patnju. I \u010dak i kada sve ide dobro, postoje trenuci kada odjednom shvatimo da se previ\u0161e zaglavljujemo u svjetovnim stvarima i trebamo \u201cponovno postaviti\u201d svoje umove i srca. Posebno u tim trenucima, potreban nam je prijatelj koji mo\u017ee usmjeriti na\u0161e du\u0161e prema onome \u0161to je lijepo i sveto. Za mnoge, taj prijatelj je upravo sveti Franjo. Prisjetimo se samo nekih njegovih poznatijih izreka&#8230; Primamo upravo kada dajemo&#8230; Daj mi Gospodine da shvatim bli\u017enjega makar on mene ne shvatio&#8230; \u010covjek \u0107e se prona\u0107i kada se zaboravi&#8230; Opra\u0161taju nam kad opra\u0161tamo&#8230; Neka mi Gospodin podari smirenost da prihvatim stvari koje ne mogu promijeniti, hrabrost da promijenim stvari koje mogu promijeniti i mudrost da ih razlikujem&#8230; Zapitajmo se, razumijemo li ih uop\u0107e? Prepoznajemo li se u njima? \u017divimo li uop\u0107e \u017eivot po Evan\u0111elju slijede\u0107i stope svetoga Franje Asi\u0161koga? \u017divimo li uop\u0107e kao kr\u0161\u0107ani, katolici? \u017delimo li to?<\/p>\n\n\n\n<div class=\"wp-block-image\"><figure class=\"aligncenter size-large\"><img loading=\"lazy\" decoding=\"async\" width=\"1024\" height=\"768\" src=\"http:\/\/svetaobitelj.hr\/wp-content\/uploads\/2024\/10\/20241006_130848-1024x768.jpg\" alt=\"\" class=\"wp-image-3435\" srcset=\"https:\/\/svetaobitelj.hr\/wp-content\/uploads\/2024\/10\/20241006_130848-1024x768.jpg 1024w, https:\/\/svetaobitelj.hr\/wp-content\/uploads\/2024\/10\/20241006_130848-300x225.jpg 300w, https:\/\/svetaobitelj.hr\/wp-content\/uploads\/2024\/10\/20241006_130848-768x576.jpg 768w, https:\/\/svetaobitelj.hr\/wp-content\/uploads\/2024\/10\/20241006_130848-1536x1152.jpg 1536w, https:\/\/svetaobitelj.hr\/wp-content\/uploads\/2024\/10\/20241006_130848.jpg 1600w\" sizes=\"auto, (max-width: 1024px) 100vw, 1024px\" \/><\/figure><\/div>\n\n\n\n<p>I ove godine, u na\u0161oj \u017eupnoj crkvi Svete Obitelji u Osijeku sve\u010dano smo proslavlili svetkovinu svetog Franje Asi\u0161koga, utemeljitelja franjeva\u010dkih redova. Trodnevna priprava uvela nas je u proslavu svetoga Franje. Misno slavlje uo\u010di samog blagdana zapo\u010delo je obredima preminu\u0107a.<\/p>\n\n\n\n<div class=\"wp-block-image\"><figure class=\"aligncenter size-large\"><img loading=\"lazy\" decoding=\"async\" width=\"768\" height=\"1024\" src=\"http:\/\/svetaobitelj.hr\/wp-content\/uploads\/2024\/10\/20241006_130728-768x1024.jpg\" alt=\"\" class=\"wp-image-3436\" srcset=\"https:\/\/svetaobitelj.hr\/wp-content\/uploads\/2024\/10\/20241006_130728-768x1024.jpg 768w, https:\/\/svetaobitelj.hr\/wp-content\/uploads\/2024\/10\/20241006_130728-225x300.jpg 225w, https:\/\/svetaobitelj.hr\/wp-content\/uploads\/2024\/10\/20241006_130728-1152x1536.jpg 1152w, https:\/\/svetaobitelj.hr\/wp-content\/uploads\/2024\/10\/20241006_130728.jpg 1200w\" sizes=\"auto, (max-width: 768px) 100vw, 768px\" \/><\/figure><\/div>\n\n\n\n<p>Na sam dan svetkovine 4. listopada u na\u0161oj \u017eupi, za vrijeme euharistijskog slavlja kojeg je predvodio na\u0161 \u017eupnik fra Dragutin koji je ujedno i duhovni asistent OFS-a, trajne zavjete u Franjeva\u010dkom svjetovnom redu, jer joj je Gospodin udijelio ovu milost, dala je sestra Nada, te se posvetila slu\u017ebi njegova Kraljevstva. Ona je obe\u0107ala Kristu da \u0107e kroz sve vrijeme svog \u017eivota biti u slu\u017ebi Njegova Kraljevstva, \u017eive\u0107i Evan\u0111elje u Franjeva\u010dkom svjetovnom redu opslu\u017euju\u0107i njegovo Pravilo predano i s ljubavlju.<\/p>\n\n\n\n<div class=\"wp-block-image\"><figure class=\"aligncenter size-large\"><img loading=\"lazy\" decoding=\"async\" width=\"768\" height=\"1024\" src=\"http:\/\/svetaobitelj.hr\/wp-content\/uploads\/2024\/10\/20241006_130810-1-768x1024.jpg\" alt=\"\" class=\"wp-image-3437\" srcset=\"https:\/\/svetaobitelj.hr\/wp-content\/uploads\/2024\/10\/20241006_130810-1-768x1024.jpg 768w, https:\/\/svetaobitelj.hr\/wp-content\/uploads\/2024\/10\/20241006_130810-1-225x300.jpg 225w, https:\/\/svetaobitelj.hr\/wp-content\/uploads\/2024\/10\/20241006_130810-1-1152x1536.jpg 1152w, https:\/\/svetaobitelj.hr\/wp-content\/uploads\/2024\/10\/20241006_130810-1.jpg 1200w\" sizes=\"auto, (max-width: 768px) 100vw, 768px\" \/><\/figure><\/div>\n\n\n\n<p>Misnom slavlju nazo\u010dili su tre\u0107oredci na\u0161eg mjesnog bratstva, te su svojom prisutno\u0161\u0107u ohrabrili sestru na njezinom budu\u0107em putu i radosno proslavili taj doga\u0111aj sjedinjeni u molitvi sa \u017eeljom i nadom za vjerno i strpljivo nasljedovanje evan\u0111elja novozavjetovane sestre. Tim \u010dinom na\u0161a franjeva\u010dka zajednica postala je bogatija za sestru koja je osjetila poziv i odlu\u010dila slijediti stope i primjer serafskog oca Franje. U prigodnoj homiliji, fra Dragutin se osvrnuo na probleme s kojima se tre\u0107oredci susre\u0107u u \u017eivotu poku\u0161avaju\u0107i \u017eivjeti \u017eivu vjeru slijede\u0107i stope serafskog oca sv. Franje Asi\u0161kog. Na taj na\u010din, skromno, ba\u0161 poput svetog Franje proslavili smo njegov dan u srcu i molitvi. Nadamo se da su zavjeti na\u0161e sestre Nade potaknuli \u017eupljane na razmi\u0161ljanje i oslu\u0161kivanje poziva u red.<\/p>\n\n\n\n<div class=\"wp-block-image\"><figure class=\"aligncenter size-large\"><img loading=\"lazy\" decoding=\"async\" width=\"768\" height=\"1024\" src=\"http:\/\/svetaobitelj.hr\/wp-content\/uploads\/2024\/10\/20241006_130700-768x1024.jpg\" alt=\"\" class=\"wp-image-3438\" srcset=\"https:\/\/svetaobitelj.hr\/wp-content\/uploads\/2024\/10\/20241006_130700-768x1024.jpg 768w, https:\/\/svetaobitelj.hr\/wp-content\/uploads\/2024\/10\/20241006_130700-225x300.jpg 225w, https:\/\/svetaobitelj.hr\/wp-content\/uploads\/2024\/10\/20241006_130700-1152x1536.jpg 1152w, https:\/\/svetaobitelj.hr\/wp-content\/uploads\/2024\/10\/20241006_130700.jpg 1200w\" sizes=\"auto, (max-width: 768px) 100vw, 768px\" \/><\/figure><\/div>\n\n\n\n<p>Nakon mise slavlje je nastavljeno dru\u017eenjem u vjeronau\u010dnoj dvorani.<\/p>\n\n\n\n<div class=\"wp-block-image\"><figure class=\"aligncenter size-large\"><img loading=\"lazy\" decoding=\"async\" width=\"1024\" height=\"768\" src=\"http:\/\/svetaobitelj.hr\/wp-content\/uploads\/2024\/10\/20241006_130640-1024x768.jpg\" alt=\"\" class=\"wp-image-3439\" srcset=\"https:\/\/svetaobitelj.hr\/wp-content\/uploads\/2024\/10\/20241006_130640-1024x768.jpg 1024w, https:\/\/svetaobitelj.hr\/wp-content\/uploads\/2024\/10\/20241006_130640-300x225.jpg 300w, https:\/\/svetaobitelj.hr\/wp-content\/uploads\/2024\/10\/20241006_130640-768x576.jpg 768w, https:\/\/svetaobitelj.hr\/wp-content\/uploads\/2024\/10\/20241006_130640-1536x1152.jpg 1536w, https:\/\/svetaobitelj.hr\/wp-content\/uploads\/2024\/10\/20241006_130640.jpg 1600w\" sizes=\"auto, (max-width: 1024px) 100vw, 1024px\" \/><\/figure><\/div>\n\n\n\n<p>Sestri Nadi \u017eelimo svako dobro i da bude ustrajna i radosna u nasljedovanju \u017eivota na\u0161eg serafskog Oca.<\/p>\n\n\n\n<p><\/p>\n","protected":false},"excerpt":{"rendered":"<p>Franjo, po\u0111i i popravi mi crkvu jer, kako vidi\u0161, sva je u ru\u0161evinama! Sveti Franjo Asi\u0161ki je divan svetac kojemu se mo\u017eemo obratiti kad se suo\u010davamo s bolom i patnjom \u2013 ili kada na\u0161e du\u0161e jednostavno trebaju ponovno postavljanje. Svi se suo\u010davamo s svakodnevnim izazovima u \u017eivotu \u2013 bilo da su oni medicinske prirode, duhovni, <a href=\"https:\/\/svetaobitelj.hr\/?p=3430\" class=\"more-link\">[&hellip;]<\/a><\/p>\n","protected":false},"author":2,"featured_media":0,"comment_status":"closed","ping_status":"open","sticky":false,"template":"","format":"standard","meta":{"footnotes":""},"categories":[3],"tags":[],"class_list":["entry","author-","post-3430","post","type-post","status-publish","format-standard","category-zupa"],"_links":{"self":[{"href":"https:\/\/svetaobitelj.hr\/index.php?rest_route=\/wp\/v2\/posts\/3430","targetHints":{"allow":["GET"]}}],"collection":[{"href":"https:\/\/svetaobitelj.hr\/index.php?rest_route=\/wp\/v2\/posts"}],"about":[{"href":"https:\/\/svetaobitelj.hr\/index.php?rest_route=\/wp\/v2\/types\/post"}],"author":[{"embeddable":true,"href":"https:\/\/svetaobitelj.hr\/index.php?rest_route=\/wp\/v2\/users\/2"}],"replies":[{"embeddable":true,"href":"https:\/\/svetaobitelj.hr\/index.php?rest_route=%2Fwp%2Fv2%2Fcomments&post=3430"}],"version-history":[{"count":4,"href":"https:\/\/svetaobitelj.hr\/index.php?rest_route=\/wp\/v2\/posts\/3430\/revisions"}],"predecessor-version":[{"id":3444,"href":"https:\/\/svetaobitelj.hr\/index.php?rest_route=\/wp\/v2\/posts\/3430\/revisions\/3444"}],"wp:attachment":[{"href":"https:\/\/svetaobitelj.hr\/index.php?rest_route=%2Fwp%2Fv2%2Fmedia&parent=3430"}],"wp:term":[{"taxonomy":"category","embeddable":true,"href":"https:\/\/svetaobitelj.hr\/index.php?rest_route=%2Fwp%2Fv2%2Fcategories&post=3430"},{"taxonomy":"post_tag","embeddable":true,"href":"https:\/\/svetaobitelj.hr\/index.php?rest_route=%2Fwp%2Fv2%2Ftags&post=3430"}],"curies":[{"name":"wp","href":"https:\/\/api.w.org\/{rel}","templated":true}]}}