{"id":343,"date":"2018-05-05T17:01:54","date_gmt":"2018-05-05T16:01:54","guid":{"rendered":"http:\/\/svetaobitelj.hr\/?p=343"},"modified":"2020-01-29T21:59:02","modified_gmt":"2020-01-29T20:59:02","slug":"zupne-obavijesti-6","status":"publish","type":"post","link":"https:\/\/svetaobitelj.hr\/?p=343","title":{"rendered":"\u017dupne obavijesti: 6. vazmena nedjelja"},"content":{"rendered":"<p>6. VAZMENA NEDJELJA<br \/>\n6. svibnja 2018.<\/p>\n<p>1.\tDanas slavimo \u0161estu vazmenu nedjelju koja je ujedno i prva nedjelja u mjesecu kada se svojim molitvama i nov\u010danim prilozima sje\u0107amo na\u0161ih odgojnih ustanova \u2013 sjemeni\u0161ta te molimo za duhovna zvanja. Slavlje Prve Pri\u010desti je pod misom u 11:00 sati. U tijeku su svibanjske pobo\u017enosti.<\/p>\n<p>2.\tSutra je biblijski sat nakon ve\u010dernje svete mise. U Vikarijatu je biblijska tribina s po\u010detkom u 19:30 sati koju vodi dr. sc. s. Silvana Fu\u017einato. <\/p>\n<p>3.\tU utorak je pobo\u017enost na \u010dast sv. Antunu Padovanskom u 18:15.<\/p>\n<p>4.\tU srijedu je pobo\u017enost na \u010dast bl. Mariji od Propetoga Petkovi\u0107 u 18:15.<\/p>\n<p>5.\tU \u010detvrtak slavimo Uza\u0161a\u0161\u0107e Gospodinovo \u2013 Spasovo. Svete mise su u 7:30 i 18:30 sati. Ne\u0107e biti klanjanja pred Presvetim.<\/p>\n<p>6.\tSljede\u0107e nedjelje slavimo sedmu vazmenu nedjelju. Druga je nedjelja u svibnju kada slavimo Maj\u010din dan. Sakupljamo nov\u010dane priloge za obnovu Ku\u0107e susreta Tabor u Samoboru. Redoviti mjese\u010dni susret Mjesnoga bratstva OFS-a je u 16:30 sati.<\/p>\n<p>7.\t19. svibnja ove godine, s po\u010detkom u 9:30 sati, u Valpovu \u0107e biti XVIII. Nadbiskupijski susret osoba s invaliditetom i \u010dlanova njihovih obitelji.<\/p>\n<p>8.\tMolimo sve vas koji jo\u0161 nemate \u017eupnu knji\u017eicu ili je potrebno upisati promjene u postoje\u0107e, da se javite u \u017eupni ured. Mnogi tra\u017ee posvjedo\u010denja za kumovanje i sli\u010dne dokumente, govore da su iz na\u0161e \u017dupe, a nemamo nikakvih podataka o njima preko obiteljskih knji\u017eica ili da primaju blagoslov obitelji. Isto je tako i kod prijavljivanja za kr\u0161tenja, sprovode&#8230;<\/p>\n<p>9.\tTermini za svete mise popunjeni su misnim nakanama do kraja godine.<\/p>\n<p>10.\tKupujte i \u010ditajte vjerski tisak. <\/p>\n","protected":false},"excerpt":{"rendered":"<p>6. VAZMENA NEDJELJA 6. svibnja 2018. 1. Danas slavimo \u0161estu vazmenu nedjelju koja je ujedno i prva nedjelja u mjesecu kada se svojim molitvama i nov\u010danim prilozima sje\u0107amo na\u0161ih odgojnih ustanova \u2013 sjemeni\u0161ta te molimo za duhovna zvanja. Slavlje Prve Pri\u010desti je pod misom u 11:00 sati. U tijeku su svibanjske pobo\u017enosti. 2. Sutra je <a href=\"https:\/\/svetaobitelj.hr\/?p=343\" class=\"more-link\">[&hellip;]<\/a><\/p>\n","protected":false},"author":2,"featured_media":0,"comment_status":"closed","ping_status":"closed","sticky":false,"template":"","format":"standard","meta":{"footnotes":""},"categories":[3],"tags":[],"class_list":["entry","author-","post-343","post","type-post","status-publish","format-standard","category-zupa"],"_links":{"self":[{"href":"https:\/\/svetaobitelj.hr\/index.php?rest_route=\/wp\/v2\/posts\/343","targetHints":{"allow":["GET"]}}],"collection":[{"href":"https:\/\/svetaobitelj.hr\/index.php?rest_route=\/wp\/v2\/posts"}],"about":[{"href":"https:\/\/svetaobitelj.hr\/index.php?rest_route=\/wp\/v2\/types\/post"}],"author":[{"embeddable":true,"href":"https:\/\/svetaobitelj.hr\/index.php?rest_route=\/wp\/v2\/users\/2"}],"replies":[{"embeddable":true,"href":"https:\/\/svetaobitelj.hr\/index.php?rest_route=%2Fwp%2Fv2%2Fcomments&post=343"}],"version-history":[{"count":4,"href":"https:\/\/svetaobitelj.hr\/index.php?rest_route=\/wp\/v2\/posts\/343\/revisions"}],"predecessor-version":[{"id":363,"href":"https:\/\/svetaobitelj.hr\/index.php?rest_route=\/wp\/v2\/posts\/343\/revisions\/363"}],"wp:attachment":[{"href":"https:\/\/svetaobitelj.hr\/index.php?rest_route=%2Fwp%2Fv2%2Fmedia&parent=343"}],"wp:term":[{"taxonomy":"category","embeddable":true,"href":"https:\/\/svetaobitelj.hr\/index.php?rest_route=%2Fwp%2Fv2%2Fcategories&post=343"},{"taxonomy":"post_tag","embeddable":true,"href":"https:\/\/svetaobitelj.hr\/index.php?rest_route=%2Fwp%2Fv2%2Ftags&post=343"}],"curies":[{"name":"wp","href":"https:\/\/api.w.org\/{rel}","templated":true}]}}