{"id":3427,"date":"2024-10-05T08:49:09","date_gmt":"2024-10-05T07:49:09","guid":{"rendered":"https:\/\/svetaobitelj.hr\/?p=3427"},"modified":"2024-10-05T08:49:10","modified_gmt":"2024-10-05T07:49:10","slug":"zupne-obavijesti-27-nedjelja-kroz-godinu-6","status":"publish","type":"post","link":"https:\/\/svetaobitelj.hr\/?p=3427","title":{"rendered":"\u017dupne obavijesti: 27. nedjelja kroz godinu"},"content":{"rendered":"\n<p>Slavimo dvadeset i sedmu nedjelju kroz godinu. Prva je nedjelja u mjesecu kada se svojim molitvama i nov\u010danim prilozima sje\u0107amo na\u0161ih sjemeni\u0161ta te molimo za duhovna zvanja. Svoj nov\u010dani dar za sjemeni\u0161ta mo\u017eete dati na izlazu iz crkve.<\/p>\n\n\n\n<p>Ju\u010der smo zapo\u010deli sa \u017eupnim katehezama \u010diji raspored imate na oglasnoj plo\u010di.<\/p>\n\n\n\n<p>U utorak je nakon ve\u010dernje svete mise susret \u010dlanova Vojske Bezgre\u0161ne. <\/p>\n\n\n\n<p>U \u010detvrtak je susret roditelja djece koja poha\u0111aju \u017eupne kateheze. Susret zapo\u010dinje molitvom krunice u 18:00 sati, nakon \u010dega slijedi sveta misa u 18:30, a nastavak susreta je nakon te mise. Svi su roditelji obvezni do\u0107i. <\/p>\n\n\n\n<p>Sljede\u0107e nedjelje slavimo dvadeset i osmu nedjelju kroz godinu. Nadbiskupijsko je hodo\u010da\u0161\u0107e vjernika Ma\u0111ara u Aljma\u0161 s po\u010detkom u 15:00 sati, a svetu misu u 16:30 sati predslavit \u0107e mons. Laslo Felf\u00f6ldi, pe\u010du\u0161ki biskup.<\/p>\n\n\n\n<p>Ovogodi\u0161nji katekumenat punoljetnih osoba za primanje sakramenata kr\u0161\u0107anske inicijacije zapo\u010det \u0107e 15. listopada u 19:15 sati u Nadbiskupijskom vikarijatu u Osijeku, Strossmayerova 58. Susreti \u0107e se odr\u017eavati redovito utorkom u 19:15 sati. Nije se potrebno unaprijed prijavljivati, nego je dovoljno do\u0107i na prvi susret kada \u0107e biti i upis.<\/p>\n\n\n\n<p>Zahvalni za va\u0161u pomo\u0107 kojom poma\u017eete obnovu na\u0161ih crkava i samostana nastradalih u potresima, preporu\u010damo se i nadalje va\u0161oj dobroti. Svoj nov\u010dani prilog mo\u017eete dati u posebno ozna\u010denu \u0161krabicu pri izlazu iz crkve ili u \u017eupni ured ili direktno uplatiti na ra\u010dun koji se nalazi na letku.<\/p>\n\n\n\n<p>Molimo sve vas koji jo\u0161 nemate \u017eupnu obiteljsku knji\u017eicu ili je potrebno upisati promjene u postoje\u0107e, da se javite u \u017eupni ured.<\/p>\n\n\n\n<p>Kupujte i \u010ditajte katoli\u010dki vjerski tisak.<\/p>\n","protected":false},"excerpt":{"rendered":"<p>Slavimo dvadeset i sedmu nedjelju kroz godinu. Prva je nedjelja u mjesecu kada se svojim molitvama i nov\u010danim prilozima sje\u0107amo na\u0161ih sjemeni\u0161ta te molimo za duhovna zvanja. Svoj nov\u010dani dar za sjemeni\u0161ta mo\u017eete dati na izlazu iz crkve. Ju\u010der smo zapo\u010deli sa \u017eupnim katehezama \u010diji raspored imate na oglasnoj plo\u010di. U utorak je nakon ve\u010dernje <a href=\"https:\/\/svetaobitelj.hr\/?p=3427\" class=\"more-link\">[&hellip;]<\/a><\/p>\n","protected":false},"author":2,"featured_media":0,"comment_status":"closed","ping_status":"open","sticky":false,"template":"","format":"standard","meta":{"footnotes":""},"categories":[3],"tags":[],"class_list":["entry","author-","post-3427","post","type-post","status-publish","format-standard","category-zupa"],"_links":{"self":[{"href":"https:\/\/svetaobitelj.hr\/index.php?rest_route=\/wp\/v2\/posts\/3427","targetHints":{"allow":["GET"]}}],"collection":[{"href":"https:\/\/svetaobitelj.hr\/index.php?rest_route=\/wp\/v2\/posts"}],"about":[{"href":"https:\/\/svetaobitelj.hr\/index.php?rest_route=\/wp\/v2\/types\/post"}],"author":[{"embeddable":true,"href":"https:\/\/svetaobitelj.hr\/index.php?rest_route=\/wp\/v2\/users\/2"}],"replies":[{"embeddable":true,"href":"https:\/\/svetaobitelj.hr\/index.php?rest_route=%2Fwp%2Fv2%2Fcomments&post=3427"}],"version-history":[{"count":2,"href":"https:\/\/svetaobitelj.hr\/index.php?rest_route=\/wp\/v2\/posts\/3427\/revisions"}],"predecessor-version":[{"id":3429,"href":"https:\/\/svetaobitelj.hr\/index.php?rest_route=\/wp\/v2\/posts\/3427\/revisions\/3429"}],"wp:attachment":[{"href":"https:\/\/svetaobitelj.hr\/index.php?rest_route=%2Fwp%2Fv2%2Fmedia&parent=3427"}],"wp:term":[{"taxonomy":"category","embeddable":true,"href":"https:\/\/svetaobitelj.hr\/index.php?rest_route=%2Fwp%2Fv2%2Fcategories&post=3427"},{"taxonomy":"post_tag","embeddable":true,"href":"https:\/\/svetaobitelj.hr\/index.php?rest_route=%2Fwp%2Fv2%2Ftags&post=3427"}],"curies":[{"name":"wp","href":"https:\/\/api.w.org\/{rel}","templated":true}]}}