{"id":3415,"date":"2024-09-27T07:53:17","date_gmt":"2024-09-27T06:53:17","guid":{"rendered":"https:\/\/svetaobitelj.hr\/?p=3415"},"modified":"2024-09-28T09:06:29","modified_gmt":"2024-09-28T08:06:29","slug":"raspored-zupnih-kateheza-zupa-svete-obitelji-osijek-vrijedi-od-5-listopada-2024","status":"publish","type":"post","link":"https:\/\/svetaobitelj.hr\/?p=3415","title":{"rendered":"RASPORED \u017dUPNIH KATEHEZA \u017dUPA SVETE OBITELJI, OSIJEK (vrijedi od 5. listopada 2024.)"},"content":{"rendered":"\n<p>1. RAZREDI OSNOVNIH \u0160KOLA: prva subota u mjesecu u 10:00 sati<\/p>\n\n\n\n<p>2. RAZREDI OSNOVNIH \u0160KOLA \u2013 druga i \u010detvrta subota u mjesecu u 10:00 sati<\/p>\n\n\n\n<p>3. RAZREDI OSNOVNIH \u0160KOLA:<\/p>\n\n\n\n<p>O\u0160 \u201eTIN UJEVI\u0106\u201c \u2013 ponedjeljak u 16:00 sati<\/p>\n\n\n\n<p>O\u0160 \u201eGRIGOR VITEZ\u201c \u2013 utorak u 16:00 sati<\/p>\n\n\n\n<p>8. RAZREDI OSNOVNIH \u0160KOLA: prve i tre\u0107e nedjelje nakon ve\u010dernje svete mise<\/p>\n\n\n\n<p>1. RAZREDI SREDNJH \u0160KOLA: druge i \u010detvrte nedjelje nakon ve\u010dernje svete mise<\/p>\n\n\n\n<p>2. RAZREDI SREDNJIH \u0160KOLA: \u010detvrtak u 19:30 sati<\/p>\n","protected":false},"excerpt":{"rendered":"<p>1. RAZREDI OSNOVNIH \u0160KOLA: prva subota u mjesecu u 10:00 sati 2. RAZREDI OSNOVNIH \u0160KOLA \u2013 druga i \u010detvrta subota u mjesecu u 10:00 sati 3. RAZREDI OSNOVNIH \u0160KOLA: O\u0160 \u201eTIN UJEVI\u0106\u201c \u2013 ponedjeljak u 16:00 sati O\u0160 \u201eGRIGOR VITEZ\u201c \u2013 utorak u 16:00 sati 8. RAZREDI OSNOVNIH \u0160KOLA: prve i tre\u0107e nedjelje nakon ve\u010dernje <a href=\"https:\/\/svetaobitelj.hr\/?p=3415\" class=\"more-link\">[&hellip;]<\/a><\/p>\n","protected":false},"author":2,"featured_media":0,"comment_status":"closed","ping_status":"open","sticky":false,"template":"","format":"standard","meta":{"footnotes":""},"categories":[3],"tags":[],"class_list":["entry","author-","post-3415","post","type-post","status-publish","format-standard","category-zupa"],"_links":{"self":[{"href":"https:\/\/svetaobitelj.hr\/index.php?rest_route=\/wp\/v2\/posts\/3415","targetHints":{"allow":["GET"]}}],"collection":[{"href":"https:\/\/svetaobitelj.hr\/index.php?rest_route=\/wp\/v2\/posts"}],"about":[{"href":"https:\/\/svetaobitelj.hr\/index.php?rest_route=\/wp\/v2\/types\/post"}],"author":[{"embeddable":true,"href":"https:\/\/svetaobitelj.hr\/index.php?rest_route=\/wp\/v2\/users\/2"}],"replies":[{"embeddable":true,"href":"https:\/\/svetaobitelj.hr\/index.php?rest_route=%2Fwp%2Fv2%2Fcomments&post=3415"}],"version-history":[{"count":4,"href":"https:\/\/svetaobitelj.hr\/index.php?rest_route=\/wp\/v2\/posts\/3415\/revisions"}],"predecessor-version":[{"id":3420,"href":"https:\/\/svetaobitelj.hr\/index.php?rest_route=\/wp\/v2\/posts\/3415\/revisions\/3420"}],"wp:attachment":[{"href":"https:\/\/svetaobitelj.hr\/index.php?rest_route=%2Fwp%2Fv2%2Fmedia&parent=3415"}],"wp:term":[{"taxonomy":"category","embeddable":true,"href":"https:\/\/svetaobitelj.hr\/index.php?rest_route=%2Fwp%2Fv2%2Fcategories&post=3415"},{"taxonomy":"post_tag","embeddable":true,"href":"https:\/\/svetaobitelj.hr\/index.php?rest_route=%2Fwp%2Fv2%2Ftags&post=3415"}],"curies":[{"name":"wp","href":"https:\/\/api.w.org\/{rel}","templated":true}]}}