{"id":3411,"date":"2024-09-27T07:51:28","date_gmt":"2024-09-27T06:51:28","guid":{"rendered":"https:\/\/svetaobitelj.hr\/?p=3411"},"modified":"2024-09-27T07:51:29","modified_gmt":"2024-09-27T06:51:29","slug":"zupne-obavijesti-26-nedjelja-kroz-godinu-7","status":"publish","type":"post","link":"https:\/\/svetaobitelj.hr\/?p=3411","title":{"rendered":"\u017dupne obavijesti: 26. nedjelja kroz godinu"},"content":{"rendered":"\n<p>Slavimo dvadeset i \u0161estu nedjelju kroz godinu. Protekli tjedan bila je prijava za \u017eupne kateheze u na\u0161oj \u017eupi. Raspored kateheza imate na oglasnoj plo\u010di. Od utorka primamo u \u017eupnom uredu u uredovno vrijeme nakane svetih misa za sljede\u0107u godinu. U utorak ve\u010dernjom svetom misom zapo\u010dinje trodnevnica za blagdan sv. Franje Asi\u0161koga.<\/p>\n\n\n\n<p>U srijedu, 2. listopada ove godine, s po\u010detkom u 19:30 sati zapo\u010dinje novi ciklus biblijskih duhovnih obnova u Vikarijatu u Osijeku. Prvi susret na temu \u201eGospine rije\u010di utjehe na\u0161em narodu\u201c koji vodi vl\u010d. dr. sc. Ivan Benakovi\u0107 organizira Ured za biblijski pastoral u suradnji s Institutom za novu evangelizaciju sv. Ivan Pavao II.<\/p>\n\n\n\n<p>U \u010detvrtak je u 18:30 sati Obred preminu\u0107a sv. Franje kraj kipa sv. Franje, nakon \u010dega nastavljamo s ve\u010dernjom svetom misom u crkvi. <\/p>\n\n\n\n<p>U petak slavimo blagdan sv. Franje Asi\u0161koga, utemeljitelja triju franjeva\u010dkih redova. Svete mise su u 7:30 i 18:30 sati.<\/p>\n\n\n\n<p>U subotu je Hodo\u010da\u0161\u0107e studenata i mladih u Aljma\u0161. Na hodo\u010da\u0161\u0107e se kre\u0107e ispred \u017eupne crkve sv. \u0106irila i Metoda u 8:00 sati, kra\u0107a stanka je u Sarva\u0161u, a predvi\u0111eno vrijeme dolaska u Sveti\u0161te je oko 14:00 sati kada slijedi kra\u0107a pobo\u017enost i sveta misa. Predvi\u0111en je i ru\u010dak za hodo\u010dasnike, dru\u017eenje te odlazak ku\u0107ama koji se planira oko 17:00 sati. Kotizacija je 5 eura po osobi u \u0161to je uklju\u010den ru\u010dak i povratak iz Aljma\u0161a autobusom.<\/p>\n\n\n\n<p>Pod ve\u010dernjom svetom misom u na\u0161oj \u0107emo \u017eupi u subotu moliti za duhovna zvanja budu\u0107i da je prva subota u mjesecu. <\/p>\n\n\n\n<p>Sljede\u0107e nedjelje slavimo dvadeset i sedmu nedjelju kroz godinu. Ujedno je prva nedjelja u mjesecu kada se svojim molitvama i nov\u010danim prilozima sje\u0107amo na\u0161ih sjemeni\u0161ta te molimo za duhovna zvanja. Pod jutarnjom svetom misom molit \u0107emo za dobro\u010dinitelje ove na\u0161e crkve i samostana.<\/p>\n\n\n\n<p>Susret roditelja djece koja poha\u0111aju \u017eupne kateheze bit \u0107e u \u010detvrtak, 10. listopada ove godine. Susret zapo\u010dinje molitvom krunice u 18:00 sati, nakon \u010dega slijedi sveta misa u 18:30 i nastavak susreta je nakon te mise. Svi su roditelji obvezni do\u0107i. <\/p>\n\n\n\n<p>Ovogodi\u0161nji katekumenat punoljetnih osoba za primanje sakramenata kr\u0161\u0107anske inicijacije zapo\u010det \u0107e 15. listopada u 19:15 sati u Nadbiskupijskom vikarijatu u Osijeku, Strossmayerova 58. Susreti \u0107e se odr\u017eavati redovito utorkom u 19:15 sati. Nije se potrebno unaprijed prijavljivati, nego je dovoljno do\u0107i na prvi susret kada \u0107e biti i upis.<\/p>\n\n\n\n<p>Zahvalni za va\u0161u pomo\u0107 kojom poma\u017eete obnovu na\u0161ih crkava i samostana nastradalih u potresima, preporu\u010damo se i nadalje va\u0161oj dobroti. Svoj nov\u010dani prilog mo\u017eete dati u posebno ozna\u010denu \u0161krabicu pri izlazu iz crkve ili u \u017eupni ured ili direktno uplatiti na ra\u010dun koji se nalazi na letku. Molimo sve vas koji jo\u0161 nemate \u017eupnu obiteljsku knji\u017eicu ili je  potrebno upisati promjene u postoje\u0107e, da se javite u \u017eupni ured. Kupujte i \u010ditajte katoli\u010dki vjerski tisak.<\/p>\n","protected":false},"excerpt":{"rendered":"<p>Slavimo dvadeset i \u0161estu nedjelju kroz godinu. Protekli tjedan bila je prijava za \u017eupne kateheze u na\u0161oj \u017eupi. Raspored kateheza imate na oglasnoj plo\u010di. Od utorka primamo u \u017eupnom uredu u uredovno vrijeme nakane svetih misa za sljede\u0107u godinu. U utorak ve\u010dernjom svetom misom zapo\u010dinje trodnevnica za blagdan sv. Franje Asi\u0161koga. U srijedu, 2. listopada <a href=\"https:\/\/svetaobitelj.hr\/?p=3411\" class=\"more-link\">[&hellip;]<\/a><\/p>\n","protected":false},"author":2,"featured_media":0,"comment_status":"closed","ping_status":"open","sticky":false,"template":"","format":"standard","meta":{"footnotes":""},"categories":[3],"tags":[],"class_list":["entry","author-","post-3411","post","type-post","status-publish","format-standard","category-zupa"],"_links":{"self":[{"href":"https:\/\/svetaobitelj.hr\/index.php?rest_route=\/wp\/v2\/posts\/3411","targetHints":{"allow":["GET"]}}],"collection":[{"href":"https:\/\/svetaobitelj.hr\/index.php?rest_route=\/wp\/v2\/posts"}],"about":[{"href":"https:\/\/svetaobitelj.hr\/index.php?rest_route=\/wp\/v2\/types\/post"}],"author":[{"embeddable":true,"href":"https:\/\/svetaobitelj.hr\/index.php?rest_route=\/wp\/v2\/users\/2"}],"replies":[{"embeddable":true,"href":"https:\/\/svetaobitelj.hr\/index.php?rest_route=%2Fwp%2Fv2%2Fcomments&post=3411"}],"version-history":[{"count":2,"href":"https:\/\/svetaobitelj.hr\/index.php?rest_route=\/wp\/v2\/posts\/3411\/revisions"}],"predecessor-version":[{"id":3413,"href":"https:\/\/svetaobitelj.hr\/index.php?rest_route=\/wp\/v2\/posts\/3411\/revisions\/3413"}],"wp:attachment":[{"href":"https:\/\/svetaobitelj.hr\/index.php?rest_route=%2Fwp%2Fv2%2Fmedia&parent=3411"}],"wp:term":[{"taxonomy":"category","embeddable":true,"href":"https:\/\/svetaobitelj.hr\/index.php?rest_route=%2Fwp%2Fv2%2Fcategories&post=3411"},{"taxonomy":"post_tag","embeddable":true,"href":"https:\/\/svetaobitelj.hr\/index.php?rest_route=%2Fwp%2Fv2%2Ftags&post=3411"}],"curies":[{"name":"wp","href":"https:\/\/api.w.org\/{rel}","templated":true}]}}