{"id":3407,"date":"2024-09-20T09:40:25","date_gmt":"2024-09-20T08:40:25","guid":{"rendered":"https:\/\/svetaobitelj.hr\/?p=3407"},"modified":"2024-09-20T09:40:26","modified_gmt":"2024-09-20T08:40:26","slug":"zupne-obavijesti-25-nedjelja-kroz-godinu-7","status":"publish","type":"post","link":"https:\/\/svetaobitelj.hr\/?p=3407","title":{"rendered":"\u017dupne obavijesti: 25. nedjelja kroz godinu"},"content":{"rendered":"\n<p>Slavimo dvadeset i petu nedjelju kroz godinu.<\/p>\n\n\n\n<p>Od sutra pa do srijede, 23. do 25. rujna, prijave za \u017eupne kateheze bit \u0107e u \u017eupnom uredu od 8:30 \u2013 11:00 te od 16:00 \u2013 18:00 sati. \u017dupne kateheze su obvezne uz \u0161kolski vjeronauk i poha\u0111anje svetih misa kao priprava za primanje prve sv. ispovijedi, prve sv. pri\u010desti i sv. potvrde. Kateheze su obvezne za prve, druge, tre\u0107e i osme razrede osnovnih \u0161kola te prve i druge razrede srednjih \u0161kola. Kod prijave potrebno je donijeti \u017eupnu obiteljsku knji\u017eicu kao i potvrdu o poha\u0111anju \u0161kolskog vjeronauka.<\/p>\n\n\n\n<p>Na oglasnoj plo\u010di imate Poruku predsjednika Vije\u0107a HBK-a za katehizaciju i novu evangelizaciju, na\u0161ega nadbiskupa mons. \u0110ure Hrani\u0107a, a povodom po\u010detka \u0161kolske i katehetske godine 2024.\/2025.. <\/p>\n\n\n\n<p>U \u010detvrtak je u 19:30 sati redoviti sastanak \u017eupnih vije\u0107a.<\/p>\n\n\n\n<p>Sljede\u0107e nedjelje slavimo dvadeset i \u0161estu nedjelju kroz godinu. U \u017eupi sv. Mihaela u Tvr\u0111i slave svoga nebeskoga za\u0161titnika. Svete mise su u 8:30, 10:30 i 18:30 sati.<\/p>\n\n\n\n<p>Susret roditelja djece prvoga, drugoga, tre\u0107ega i osmoga razreda osnovne \u0161kole kao i prvoga i drugoga razreda srednje \u0161kole bit \u0107e u \u010detvrtak, 10. listopada ove godine. Susret zapo\u010dinje molitvom krunice u 18:00 sati, nakon \u010dega slijedi sveta misa u 18:30 i nastavak susreta je nakon te mise. Svi su roditelji obvezni do\u0107i.<\/p>\n\n\n\n<p>Ovogodi\u0161nji katekumenat punoljetnih osoba za primanje sakramenata kr\u0161\u0107anske inicijacije zapo\u010det \u0107e 15. listopada u 19:15 sati u Nadbiskupijskom vikarijatu u Osijeku, Strossmayerova 58. Susreti \u0107e se odr\u017eavati redovito utorkom u 19:15 sati. Nije se potrebno unaprijed prijavljivati, nego je dovoljno do\u0107i na prvi susret kada \u0107e biti i upis.<\/p>\n\n\n\n<p>Zahvalni za va\u0161u pomo\u0107 kojom poma\u017eete obnovu na\u0161ih crkava i samostana nastradalih u potresima, preporu\u010damo se i nadalje va\u0161oj dobroti. Svoj nov\u010dani prilog mo\u017eete dati u posebno ozna\u010denu \u0161krabicu pri izlazu iz crkve ili u \u017eupni ured ili direktno uplatiti na ra\u010dun koji se nalazi na letku.<\/p>\n\n\n\n<p>Molimo sve vas koji jo\u0161 nemate \u017eupnu obiteljsku knji\u017eicu ili je potrebno upisati promjene u postoje\u0107e, da se javite u \u017eupni ured.<\/p>\n\n\n\n<p>Kupujte i \u010ditajte katoli\u010dki vjerski tisak.<\/p>\n","protected":false},"excerpt":{"rendered":"<p>Slavimo dvadeset i petu nedjelju kroz godinu. Od sutra pa do srijede, 23. do 25. rujna, prijave za \u017eupne kateheze bit \u0107e u \u017eupnom uredu od 8:30 \u2013 11:00 te od 16:00 \u2013 18:00 sati. \u017dupne kateheze su obvezne uz \u0161kolski vjeronauk i poha\u0111anje svetih misa kao priprava za primanje prve sv. ispovijedi, prve sv. <a href=\"https:\/\/svetaobitelj.hr\/?p=3407\" class=\"more-link\">[&hellip;]<\/a><\/p>\n","protected":false},"author":2,"featured_media":0,"comment_status":"closed","ping_status":"open","sticky":false,"template":"","format":"standard","meta":{"footnotes":""},"categories":[3],"tags":[],"class_list":["entry","author-","post-3407","post","type-post","status-publish","format-standard","category-zupa"],"_links":{"self":[{"href":"https:\/\/svetaobitelj.hr\/index.php?rest_route=\/wp\/v2\/posts\/3407","targetHints":{"allow":["GET"]}}],"collection":[{"href":"https:\/\/svetaobitelj.hr\/index.php?rest_route=\/wp\/v2\/posts"}],"about":[{"href":"https:\/\/svetaobitelj.hr\/index.php?rest_route=\/wp\/v2\/types\/post"}],"author":[{"embeddable":true,"href":"https:\/\/svetaobitelj.hr\/index.php?rest_route=\/wp\/v2\/users\/2"}],"replies":[{"embeddable":true,"href":"https:\/\/svetaobitelj.hr\/index.php?rest_route=%2Fwp%2Fv2%2Fcomments&post=3407"}],"version-history":[{"count":1,"href":"https:\/\/svetaobitelj.hr\/index.php?rest_route=\/wp\/v2\/posts\/3407\/revisions"}],"predecessor-version":[{"id":3408,"href":"https:\/\/svetaobitelj.hr\/index.php?rest_route=\/wp\/v2\/posts\/3407\/revisions\/3408"}],"wp:attachment":[{"href":"https:\/\/svetaobitelj.hr\/index.php?rest_route=%2Fwp%2Fv2%2Fmedia&parent=3407"}],"wp:term":[{"taxonomy":"category","embeddable":true,"href":"https:\/\/svetaobitelj.hr\/index.php?rest_route=%2Fwp%2Fv2%2Fcategories&post=3407"},{"taxonomy":"post_tag","embeddable":true,"href":"https:\/\/svetaobitelj.hr\/index.php?rest_route=%2Fwp%2Fv2%2Ftags&post=3407"}],"curies":[{"name":"wp","href":"https:\/\/api.w.org\/{rel}","templated":true}]}}