{"id":3388,"date":"2024-08-31T20:48:16","date_gmt":"2024-08-31T19:48:16","guid":{"rendered":"http:\/\/svetaobitelj.hr\/?p=3388"},"modified":"2024-08-31T20:48:16","modified_gmt":"2024-08-31T19:48:16","slug":"zupne-obavijesti-22-nedjelja-kroz-godinu-7","status":"publish","type":"post","link":"https:\/\/svetaobitelj.hr\/?p=3388","title":{"rendered":"\u017dupne obavijesti: 22. nedjelja kroz godinu"},"content":{"rendered":"\n<p>Slavimo dvadeset i drugu nedjelju kroz godinu. Prva je nedjelja u mjesecu kada svojim molitvama i nov\u010danim prilozima poma\u017eemo na\u0161a sjemeni\u0161ta te molimo za duhovna zvanja. Svoj nov\u010dani dar za sjemeni\u0161ta mo\u017eete dati na izlazu iz crkve.<\/p>\n\n\n\n<p>Ovaj tjedan od utorka do petka \u017eupni ured bit \u0107e otvoren od 17 do 18 sati. <\/p>\n\n\n\n<p>U \u010detvrtak je nakon ve\u010dernje svete mise klanjanje pred Presvetim.<\/p>\n\n\n\n<p>U subotu, 7. rujna ove godine, s po\u010detkom u 10:30 sati, u crkvi Sv. Leopolda Bogdana Mandi\u0107a u Zagrebu u Dubravi, proslava je sve\u010danih zavjeta dvojice bra\u0107e na\u0161e Hrvatske franjeva\u010dke provincije sv. \u0106irila i Metoda, fra Davora Pali\u0107a iz Zagreba i fra Andreja Jozi\u0107a iz Samobora.<\/p>\n\n\n\n<p>Sljede\u0107e nedjelje slavimo dvadeset i tre\u0107u nedjelju kroz godinu. Od 8. rujna ove godine slavit \u0107e se svete mise na engleskom jeziku nedjeljom u 12 sati u \u017eupi svetog \u0106irila i Metoda (ulica Martina Divalta 71). Ovim putem \u017eelimo pribli\u017eiti Bo\u017eju Rije\u010d onima koji su do\u0161li iz drugih dijelova svijeta. Mogu\u0107nost za svetu ispovijed bit \u0107e pola sata prije svete mise. U slu\u010daju potrebe, mo\u017eete se javiti kapelanu vl\u010d. Josipu Brnji\u0107u na broj 0916091906.<\/p>\n\n\n\n<p>Susret Mjesnoga bratstva OFS-a bit \u0107e u nedjelju, 15. rujna u 16:30 sati.<\/p>\n\n\n\n<p>Od 23. do 25. rujna, prijave za \u017eupne kateheze bit \u0107e u \u017eupnom uredu od 8:30 \u2013 11:00 te od 16:00 \u2013 18:00 sati. \u017dupne kateheze su obvezne uz \u0161kolski vjeronauk i poha\u0111anje svetih misa kao priprava za primanje prve sv. ispovijedi, prve sv. pri\u010desti i sv. potvrde. Kateheze su obvezne za prve, druge, tre\u0107e i osme razrede osnovnih \u0161kola te prve i druge razrede srednjih \u0161kola. Kod prijave potrebno je donijeti \u017eupnu obiteljsku knji\u017eicu kao i potvrdu o poha\u0111anju \u0161kolskog vjeronauka.<\/p>\n\n\n\n<p>Ovogodi\u0161nji katekumenat punoljetnih osoba za primanje sakramenata kr\u0161\u0107anske inicijacije zapo\u010det \u0107e 15. listopada u 19:15 sati u Nadbiskupijskom vikarijatu u Osijeku, Strossmayerova 58. Susreti \u0107e se odr\u017eavati redovito utorkom u 19:15 sati. Nije se potrebno unaprijed prijavljivati, nego je dovoljno do\u0107i na prvi susret kada \u0107e biti i upis.<\/p>\n\n\n\n<p>Zahvalni za va\u0161u pomo\u0107 kojom poma\u017eete obnovu na\u0161ih crkava i samostana nastradalih u potresima, preporu\u010damo se i nadalje va\u0161oj dobroti. Svoj nov\u010dani prilog mo\u017eete dati u posebno ozna\u010denu \u0161krabicu pri izlazu iz crkve ili u \u017eupni ured ili direktno uplatiti na ra\u010dun koji se nalazi na plakatu ili letku.<\/p>\n\n\n\n<p>Molimo sve vas koji jo\u0161 nemate \u017eupnu obiteljsku knji\u017eicu ili je potrebno upisati promjene u postoje\u0107e, da se javite u \u017eupni ured. Kupujte i \u010ditajte katoli\u010dki vjerski tisak.<\/p>\n","protected":false},"excerpt":{"rendered":"<p>Slavimo dvadeset i drugu nedjelju kroz godinu. Prva je nedjelja u mjesecu kada svojim molitvama i nov\u010danim prilozima poma\u017eemo na\u0161a sjemeni\u0161ta te molimo za duhovna zvanja. Svoj nov\u010dani dar za sjemeni\u0161ta mo\u017eete dati na izlazu iz crkve. Ovaj tjedan od utorka do petka \u017eupni ured bit \u0107e otvoren od 17 do 18 sati. U \u010detvrtak <a href=\"https:\/\/svetaobitelj.hr\/?p=3388\" class=\"more-link\">[&hellip;]<\/a><\/p>\n","protected":false},"author":2,"featured_media":0,"comment_status":"closed","ping_status":"open","sticky":false,"template":"","format":"standard","meta":{"footnotes":""},"categories":[3],"tags":[],"class_list":["entry","author-","post-3388","post","type-post","status-publish","format-standard","category-zupa"],"_links":{"self":[{"href":"https:\/\/svetaobitelj.hr\/index.php?rest_route=\/wp\/v2\/posts\/3388","targetHints":{"allow":["GET"]}}],"collection":[{"href":"https:\/\/svetaobitelj.hr\/index.php?rest_route=\/wp\/v2\/posts"}],"about":[{"href":"https:\/\/svetaobitelj.hr\/index.php?rest_route=\/wp\/v2\/types\/post"}],"author":[{"embeddable":true,"href":"https:\/\/svetaobitelj.hr\/index.php?rest_route=\/wp\/v2\/users\/2"}],"replies":[{"embeddable":true,"href":"https:\/\/svetaobitelj.hr\/index.php?rest_route=%2Fwp%2Fv2%2Fcomments&post=3388"}],"version-history":[{"count":2,"href":"https:\/\/svetaobitelj.hr\/index.php?rest_route=\/wp\/v2\/posts\/3388\/revisions"}],"predecessor-version":[{"id":3390,"href":"https:\/\/svetaobitelj.hr\/index.php?rest_route=\/wp\/v2\/posts\/3388\/revisions\/3390"}],"wp:attachment":[{"href":"https:\/\/svetaobitelj.hr\/index.php?rest_route=%2Fwp%2Fv2%2Fmedia&parent=3388"}],"wp:term":[{"taxonomy":"category","embeddable":true,"href":"https:\/\/svetaobitelj.hr\/index.php?rest_route=%2Fwp%2Fv2%2Fcategories&post=3388"},{"taxonomy":"post_tag","embeddable":true,"href":"https:\/\/svetaobitelj.hr\/index.php?rest_route=%2Fwp%2Fv2%2Ftags&post=3388"}],"curies":[{"name":"wp","href":"https:\/\/api.w.org\/{rel}","templated":true}]}}