{"id":3385,"date":"2024-08-23T13:00:22","date_gmt":"2024-08-23T12:00:22","guid":{"rendered":"http:\/\/svetaobitelj.hr\/?p=3385"},"modified":"2024-08-23T13:00:23","modified_gmt":"2024-08-23T12:00:23","slug":"zupne-obavijesti-21-nedjelja-kroz-godinu-7","status":"publish","type":"post","link":"https:\/\/svetaobitelj.hr\/?p=3385","title":{"rendered":"\u017dupne obavijesti: 21. nedjelja kroz godinu"},"content":{"rendered":"\n<p>Slavimo dvadeset i prvu nedjelju kroz godinu.<\/p>\n\n\n\n<p>U utorak slavimo sv. Moniku, u srijedu sv. Augustina, u \u010detvrtak Mu\u010deni\u0161tvo sv. Ivana Krstitelja. Svete mise su prema rasporedu radnih dana.<\/p>\n\n\n\n<p>Sljede\u0107e nedjelje slavimo dvadeset i drugu nedjelju kroz godinu. Ujedno je i prva nedjelja u mjesecu kada se svojim molitvama i nov\u010danim prilozima sje\u0107amo na\u0161ih sjemeni\u0161ta te molimo za duhovna zvanja. Pod jutarnjom svetom misom molit \u0107emo za dobro\u010dinitelje ove na\u0161e crkve i samostana. <\/p>\n\n\n\n<p>Vije\u0107e za pastoral zvanja i rada s mladima na\u0161e Hrvatske franjeva\u010dke provincije sv. \u0106irila i Metoda odr\u017eat \u0107e \u201eDane otvorenih vrata samostana\u201c na Trsatu u Rijeci od 20. do 22. rujna ove godine. Radi se o jednom vikendu tijekom kojega \u0107e mladi\u0107i koji razmi\u0161ljaju o duhovnom pozivu mo\u0107i iskusiti samostanski na\u010din \u017eivota. Zainteresirani neka se jave u  \u017eupni ured u uredovno vrijeme.<\/p>\n\n\n\n<p>Prijave za \u017eupne kateheze bit \u0107e od 23. do 25. rujna u \u017eupnom uredu od 8:30 \u2013 11:00 te od 16:00 \u2013 18:00 sati. \u017dupne kateheze su obvezne uz \u0161kolski vjeronauk i poha\u0111anje svetih misa kao priprava za primanje prve sv. ispovijedi, prve sv. pri\u010desti i sv. potvrde. Kateheze su obvezne za prve, druge, tre\u0107e i osme razrede osnovnih \u0161kola te prve i druge razrede srednjih \u0161kola. Kod prijave potrebno je donijeti \u017eupnu obiteljsku knji\u017eicu kao i potvrdu o poha\u0111anju \u0161kolskog vjeronauka.<\/p>\n\n\n\n<p>Zahvalni za va\u0161u pomo\u0107 kojom poma\u017eete obnovu na\u0161ih crkava i samostana nastradalih u potresima, preporu\u010damo se i nadalje va\u0161oj dobroti. Svoj nov\u010dani prilog mo\u017eete dati u posebno ozna\u010denu \u0161krabicu pri izlazu iz crkve ili u \u017eupni ured ili direktno uplatiti na ra\u010dun koji se nalazi na plakatu ili letku.<\/p>\n\n\n\n<p>Molimo sve vas koji jo\u0161 nemate \u017eupnu obiteljsku knji\u017eicu ili je potrebno upisati promjene u postoje\u0107e, da se javite u \u017eupni ured.<\/p>\n\n\n\n<p>Kupujte i \u010ditajte katoli\u010dki vjerski tisak.<\/p>\n","protected":false},"excerpt":{"rendered":"<p>Slavimo dvadeset i prvu nedjelju kroz godinu. U utorak slavimo sv. Moniku, u srijedu sv. Augustina, u \u010detvrtak Mu\u010deni\u0161tvo sv. Ivana Krstitelja. Svete mise su prema rasporedu radnih dana. Sljede\u0107e nedjelje slavimo dvadeset i drugu nedjelju kroz godinu. Ujedno je i prva nedjelja u mjesecu kada se svojim molitvama i nov\u010danim prilozima sje\u0107amo na\u0161ih sjemeni\u0161ta <a href=\"https:\/\/svetaobitelj.hr\/?p=3385\" class=\"more-link\">[&hellip;]<\/a><\/p>\n","protected":false},"author":2,"featured_media":0,"comment_status":"closed","ping_status":"open","sticky":false,"template":"","format":"standard","meta":{"footnotes":""},"categories":[3],"tags":[],"class_list":["entry","author-","post-3385","post","type-post","status-publish","format-standard","category-zupa"],"_links":{"self":[{"href":"https:\/\/svetaobitelj.hr\/index.php?rest_route=\/wp\/v2\/posts\/3385","targetHints":{"allow":["GET"]}}],"collection":[{"href":"https:\/\/svetaobitelj.hr\/index.php?rest_route=\/wp\/v2\/posts"}],"about":[{"href":"https:\/\/svetaobitelj.hr\/index.php?rest_route=\/wp\/v2\/types\/post"}],"author":[{"embeddable":true,"href":"https:\/\/svetaobitelj.hr\/index.php?rest_route=\/wp\/v2\/users\/2"}],"replies":[{"embeddable":true,"href":"https:\/\/svetaobitelj.hr\/index.php?rest_route=%2Fwp%2Fv2%2Fcomments&post=3385"}],"version-history":[{"count":1,"href":"https:\/\/svetaobitelj.hr\/index.php?rest_route=\/wp\/v2\/posts\/3385\/revisions"}],"predecessor-version":[{"id":3386,"href":"https:\/\/svetaobitelj.hr\/index.php?rest_route=\/wp\/v2\/posts\/3385\/revisions\/3386"}],"wp:attachment":[{"href":"https:\/\/svetaobitelj.hr\/index.php?rest_route=%2Fwp%2Fv2%2Fmedia&parent=3385"}],"wp:term":[{"taxonomy":"category","embeddable":true,"href":"https:\/\/svetaobitelj.hr\/index.php?rest_route=%2Fwp%2Fv2%2Fcategories&post=3385"},{"taxonomy":"post_tag","embeddable":true,"href":"https:\/\/svetaobitelj.hr\/index.php?rest_route=%2Fwp%2Fv2%2Ftags&post=3385"}],"curies":[{"name":"wp","href":"https:\/\/api.w.org\/{rel}","templated":true}]}}