{"id":3364,"date":"2024-07-27T10:00:57","date_gmt":"2024-07-27T09:00:57","guid":{"rendered":"https:\/\/svetaobitelj.hr\/?p=3364"},"modified":"2024-07-27T10:54:21","modified_gmt":"2024-07-27T09:54:21","slug":"framasi-u-nasoj-zupi","status":"publish","type":"post","link":"https:\/\/svetaobitelj.hr\/?p=3364","title":{"rendered":"Frama\u0161i u na\u0161oj \u017eupi"},"content":{"rendered":"\n<figure class=\"wp-block-image size-large\"><img loading=\"lazy\" decoding=\"async\" width=\"1024\" height=\"1024\" src=\"https:\/\/svetaobitelj.hr\/wp-content\/uploads\/2024\/07\/slika3-1024x1024.jpg\" alt=\"\" class=\"wp-image-3365\" srcset=\"https:\/\/svetaobitelj.hr\/wp-content\/uploads\/2024\/07\/slika3-1024x1024.jpg 1024w, https:\/\/svetaobitelj.hr\/wp-content\/uploads\/2024\/07\/slika3-300x300.jpg 300w, https:\/\/svetaobitelj.hr\/wp-content\/uploads\/2024\/07\/slika3-150x150.jpg 150w, https:\/\/svetaobitelj.hr\/wp-content\/uploads\/2024\/07\/slika3-768x768.jpg 768w, https:\/\/svetaobitelj.hr\/wp-content\/uploads\/2024\/07\/slika3-1536x1536.jpg 1536w, https:\/\/svetaobitelj.hr\/wp-content\/uploads\/2024\/07\/slika3.jpg 2048w\" sizes=\"auto, (max-width: 1024px) 100vw, 1024px\" \/><\/figure>\n\n\n\n<p>U \u010detvrtak, 25. srpnja 2024. godine na\u0161a \u017eupa bila je doma\u0107in frama\u0161ima Osje\u010dkoga podru\u010dnog bratstva Frame koji su iz na\u0161e \u017eupe krenuli na svoj ovogodi\u0161nji Hod Frame pod geslom\u00a0 \u201eSlavim Te O\u010de\u201c.\u00a0 Hod vodi fra Vinko Brkovi\u0107, podru\u010dni duhovni asistent Frame. Franjeva\u010dki hod je hodo\u010da\u0161\u0107e mladih s ciljem produbljivanja osobne vjere, franjeva\u010dkog na\u010dina \u017eivota i zajedni\u0161tva. Hod je zapo\u010deo po\u010detnim susretom mladih sudionika na kojem su molili Duha Svetoga za uspje\u0161no hodo\u010da\u0161\u0107e kao i osnovne smjernice kako sudjelovati. Nakon toga slijedila je sveta misa koju je predvodio fra Vinko uz koncelebraciju fra Antonija Kirina i na\u0161eg \u017eupnika fra Dragutina Bedeni\u010di\u0107a, a frama\u0161i su animirali svetu misu svojim pjevanjem i sviranjem. U homiliji je fra Vinko istaknuo da je Isus do\u0161ao me\u0111u nas da bi slu\u017eio, a ne da bude slu\u017een, pa tako i mi moramo biti prepoznati u slu\u017eenju. Moramo strpljivo i poslu\u0161no nositi svoj kri\u017e od po\u010detka, pa do kraja \u017eivota, pa \u010dak i onda kada nas on optere\u0107uje i priti\u0161\u0107e. Slu\u017eenje trebamo prepoznati u svim aspektima \u017eivota, u obitelji, na poslu, u \u0161koli&#8230; svuda gdje se susre\u0107emo s bra\u0107om i sestrama.<\/p>\n\n\n\n<figure class=\"wp-block-image size-large\"><img loading=\"lazy\" decoding=\"async\" width=\"1024\" height=\"1024\" src=\"https:\/\/svetaobitelj.hr\/wp-content\/uploads\/2024\/07\/slika2-1024x1024.jpg\" alt=\"\" class=\"wp-image-3366\" srcset=\"https:\/\/svetaobitelj.hr\/wp-content\/uploads\/2024\/07\/slika2-1024x1024.jpg 1024w, https:\/\/svetaobitelj.hr\/wp-content\/uploads\/2024\/07\/slika2-300x300.jpg 300w, https:\/\/svetaobitelj.hr\/wp-content\/uploads\/2024\/07\/slika2-150x150.jpg 150w, https:\/\/svetaobitelj.hr\/wp-content\/uploads\/2024\/07\/slika2-768x768.jpg 768w, https:\/\/svetaobitelj.hr\/wp-content\/uploads\/2024\/07\/slika2-1536x1536.jpg 1536w, https:\/\/svetaobitelj.hr\/wp-content\/uploads\/2024\/07\/slika2.jpg 2048w\" sizes=\"auto, (max-width: 1024px) 100vw, 1024px\" \/><\/figure>\n\n\n\n<p>Nakon svete mise uslijedila je okrjepa i dru\u017eenje. \u017dive\u0107i po primjeru sv. Franje \u2013 jednostavno i ponizno \u2013 mladi su preno\u0107ili u vre\u0107ama za spavanje u vjeronau\u010dnim dvoranama i kapelici. U petak ujutro uputili su se prema Petrijevcima. Ovaj dio Hoda u Hrvatskoj zavr\u0161ava u Na\u0161icama odakle \u0107e se autobusima zaputiti prema Asizu u Italiji, rodnom gradu svetoga Franje Asi\u0161kog gdje \u0107e na blagdan Gospe od an\u0111ela \u2013 Porcijunkulu, u srijedu 2. kolovoza, izmoliti potpuni oprost i sudjelovati na sve\u010danoj misi. Lijepo je bilo vidjeti stotinjak mladih koji su okupljeni oko Isusa Krista i Bo\u017eje rije\u010di te djeluju, potaknuti snagom Duha Svetoga, po uzoru na svetog Franju Asi\u0161kog. Ljepota njihove mladosti i zanosa daje potvrdan odgovor na pitanje \u201eAli kad Sin \u010covje\u010dji do\u0111e, ho\u0107e li na\u0107i vjere na zemlji?&#8221; Lk 18,1-8.  Osobito nas raduje aktivnost na\u0161ih ministranata koji su spremno i radosno pripremali prostor gdje \u0107e mladi spavati, sudjelovali na svetoj misi kao i na ure\u0111enju prostora prije i nakon odlaska mladih.<\/p>\n\n\n\n<figure class=\"wp-block-image size-large\"><img loading=\"lazy\" decoding=\"async\" width=\"1024\" height=\"1024\" src=\"https:\/\/svetaobitelj.hr\/wp-content\/uploads\/2024\/07\/slik1-1024x1024.jpg\" alt=\"\" class=\"wp-image-3367\" srcset=\"https:\/\/svetaobitelj.hr\/wp-content\/uploads\/2024\/07\/slik1-1024x1024.jpg 1024w, https:\/\/svetaobitelj.hr\/wp-content\/uploads\/2024\/07\/slik1-300x300.jpg 300w, https:\/\/svetaobitelj.hr\/wp-content\/uploads\/2024\/07\/slik1-150x150.jpg 150w, https:\/\/svetaobitelj.hr\/wp-content\/uploads\/2024\/07\/slik1-768x768.jpg 768w, https:\/\/svetaobitelj.hr\/wp-content\/uploads\/2024\/07\/slik1-1536x1536.jpg 1536w, https:\/\/svetaobitelj.hr\/wp-content\/uploads\/2024\/07\/slik1.jpg 2048w\" sizes=\"auto, (max-width: 1024px) 100vw, 1024px\" \/><\/figure>\n","protected":false},"excerpt":{"rendered":"<p>U \u010detvrtak, 25. srpnja 2024. godine na\u0161a \u017eupa bila je doma\u0107in frama\u0161ima Osje\u010dkoga podru\u010dnog bratstva Frame koji su iz na\u0161e \u017eupe krenuli na svoj ovogodi\u0161nji Hod Frame pod geslom\u00a0 \u201eSlavim Te O\u010de\u201c.\u00a0 Hod vodi fra Vinko Brkovi\u0107, podru\u010dni duhovni asistent Frame. Franjeva\u010dki hod je hodo\u010da\u0161\u0107e mladih s ciljem produbljivanja osobne vjere, franjeva\u010dkog na\u010dina \u017eivota i <a href=\"https:\/\/svetaobitelj.hr\/?p=3364\" class=\"more-link\">[&hellip;]<\/a><\/p>\n","protected":false},"author":2,"featured_media":0,"comment_status":"closed","ping_status":"open","sticky":false,"template":"","format":"standard","meta":{"footnotes":""},"categories":[3],"tags":[],"class_list":["entry","author-","post-3364","post","type-post","status-publish","format-standard","category-zupa"],"_links":{"self":[{"href":"https:\/\/svetaobitelj.hr\/index.php?rest_route=\/wp\/v2\/posts\/3364","targetHints":{"allow":["GET"]}}],"collection":[{"href":"https:\/\/svetaobitelj.hr\/index.php?rest_route=\/wp\/v2\/posts"}],"about":[{"href":"https:\/\/svetaobitelj.hr\/index.php?rest_route=\/wp\/v2\/types\/post"}],"author":[{"embeddable":true,"href":"https:\/\/svetaobitelj.hr\/index.php?rest_route=\/wp\/v2\/users\/2"}],"replies":[{"embeddable":true,"href":"https:\/\/svetaobitelj.hr\/index.php?rest_route=%2Fwp%2Fv2%2Fcomments&post=3364"}],"version-history":[{"count":2,"href":"https:\/\/svetaobitelj.hr\/index.php?rest_route=\/wp\/v2\/posts\/3364\/revisions"}],"predecessor-version":[{"id":3370,"href":"https:\/\/svetaobitelj.hr\/index.php?rest_route=\/wp\/v2\/posts\/3364\/revisions\/3370"}],"wp:attachment":[{"href":"https:\/\/svetaobitelj.hr\/index.php?rest_route=%2Fwp%2Fv2%2Fmedia&parent=3364"}],"wp:term":[{"taxonomy":"category","embeddable":true,"href":"https:\/\/svetaobitelj.hr\/index.php?rest_route=%2Fwp%2Fv2%2Fcategories&post=3364"},{"taxonomy":"post_tag","embeddable":true,"href":"https:\/\/svetaobitelj.hr\/index.php?rest_route=%2Fwp%2Fv2%2Ftags&post=3364"}],"curies":[{"name":"wp","href":"https:\/\/api.w.org\/{rel}","templated":true}]}}