{"id":3346,"date":"2024-07-11T10:44:22","date_gmt":"2024-07-11T09:44:22","guid":{"rendered":"https:\/\/svetaobitelj.hr\/?p=3346"},"modified":"2024-07-11T10:44:22","modified_gmt":"2024-07-11T09:44:22","slug":"blazena-marija-od-propetoga-petkovic","status":"publish","type":"post","link":"https:\/\/svetaobitelj.hr\/?p=3346","title":{"rendered":"Bla\u017eena Marija od Propetoga Petkovi\u0107"},"content":{"rendered":"\n<div class=\"wp-block-image\"><figure class=\"aligncenter size-large\"><img loading=\"lazy\" decoding=\"async\" width=\"1024\" height=\"1024\" src=\"https:\/\/svetaobitelj.hr\/wp-content\/uploads\/2024\/07\/1-1024x1024.jpg\" alt=\"\" class=\"wp-image-3347\" srcset=\"https:\/\/svetaobitelj.hr\/wp-content\/uploads\/2024\/07\/1-1024x1024.jpg 1024w, https:\/\/svetaobitelj.hr\/wp-content\/uploads\/2024\/07\/1-300x300.jpg 300w, https:\/\/svetaobitelj.hr\/wp-content\/uploads\/2024\/07\/1-150x150.jpg 150w, https:\/\/svetaobitelj.hr\/wp-content\/uploads\/2024\/07\/1-768x768.jpg 768w, https:\/\/svetaobitelj.hr\/wp-content\/uploads\/2024\/07\/1-1536x1536.jpg 1536w, https:\/\/svetaobitelj.hr\/wp-content\/uploads\/2024\/07\/1.jpg 1600w\" sizes=\"auto, (max-width: 1024px) 100vw, 1024px\" \/><\/figure><\/div>\n\n\n\n<p>Prvi dan trodnevnice zapo\u010delo je molitvom Kantika hvale Bogu Stvoritelju s izmjeni\u010dnim pjevanjem antifone i molitvom bla\u017eenoj Mariji Propetoga. Euharistijsko slavlje predvodio je \u017eupnik, imenovane \u017eupe Fra Dragutin Bedeni\u010di\u0107. U propovijedi je kratko izlo\u017eio biografiju i povijesni hod same bla\u017eenice te potaknuo vjernike da oni mogu po primjeru na\u0161e bla\u017eenice biti navjestitelji Bo\u017eje Rije\u010di koju je nesebi\u010dno navje\u0161tala malenima.<\/p>\n\n\n\n<div class=\"wp-block-image\"><figure class=\"aligncenter size-large\"><img loading=\"lazy\" decoding=\"async\" width=\"1024\" height=\"768\" src=\"https:\/\/svetaobitelj.hr\/wp-content\/uploads\/2024\/07\/2-1024x768.jpg\" alt=\"\" class=\"wp-image-3348\" srcset=\"https:\/\/svetaobitelj.hr\/wp-content\/uploads\/2024\/07\/2-1024x768.jpg 1024w, https:\/\/svetaobitelj.hr\/wp-content\/uploads\/2024\/07\/2-300x225.jpg 300w, https:\/\/svetaobitelj.hr\/wp-content\/uploads\/2024\/07\/2-768x576.jpg 768w, https:\/\/svetaobitelj.hr\/wp-content\/uploads\/2024\/07\/2-1536x1152.jpg 1536w, https:\/\/svetaobitelj.hr\/wp-content\/uploads\/2024\/07\/2.jpg 1600w\" sizes=\"auto, (max-width: 1024px) 100vw, 1024px\" \/><\/figure><\/div>\n\n\n\n<p>Drugi dan trodnevnice predeuharistijsko slavlje zapo\u010delo je molitvom Hvale i zazivima bla\u017eene Marije Propetoga, naizmjeni\u010dno se pjevalo i molilo nekoliko zaziva. Sudjelovali su i vjernici laici koji ina\u010de\u00a0 mole svakog devetog u mjesecu. Euharistijsko slavlje predvodio je \u017eupnik fra Dragutin Bedeni\u010di\u0107. U propovijedi se osvrnuo na evan\u0111elje te naglasio kako ne treba gledati na ljudsko jer su sumje\u0161tani vidjeli Isusa samo kako \u010dovjeka. Povezao je poniznost sv. Pavla kako nije odustao od navje\u0161tanja radi svojih slabosti, tako je i bla\u017eena Marija Propetoga u svojoj poniznosti \u017eeljela samo navije\u0161tati Bo\u017eju ljubav. Nije sebe stavljala na prvo mjesto. Svetac je onaj koji sebe smatra gre\u0161nim ali s milo\u0161\u0107u Bo\u017ejom ide naprijed u vr\u0161enju volje Bo\u017eje. Sve je pjevanje uljep\u0161ala sestra Helena.<\/p>\n\n\n\n<div class=\"wp-block-image\"><figure class=\"aligncenter size-large\"><img loading=\"lazy\" decoding=\"async\" width=\"1024\" height=\"576\" src=\"https:\/\/svetaobitelj.hr\/wp-content\/uploads\/2024\/07\/3-1024x576.jpg\" alt=\"\" class=\"wp-image-3349\" srcset=\"https:\/\/svetaobitelj.hr\/wp-content\/uploads\/2024\/07\/3-1024x576.jpg 1024w, https:\/\/svetaobitelj.hr\/wp-content\/uploads\/2024\/07\/3-300x169.jpg 300w, https:\/\/svetaobitelj.hr\/wp-content\/uploads\/2024\/07\/3-768x432.jpg 768w, https:\/\/svetaobitelj.hr\/wp-content\/uploads\/2024\/07\/3-1536x864.jpg 1536w, https:\/\/svetaobitelj.hr\/wp-content\/uploads\/2024\/07\/3.jpg 1600w\" sizes=\"auto, (max-width: 1024px) 100vw, 1024px\" \/><\/figure><\/div>\n\n\n\n<p>Tre\u0107i dan trodnevnice pred svetu misu molila se krunica, a za razmi\u0161ljanje otajstava uzet je tekst bla\u017eene Marije Propetog. Odrasli su \u010ditali otajstva za moljenje desetice, a bila su uklju\u010dena i djeca. Euharistijsko slavlje predslavio je \u017eupnik fra Dragutin Bedeni\u010di\u0107. U propovjedi je iznio crtice iz \u017eivota bla\u017eene Marije u obitelji &#8211; njenu borbu kako pomo\u0107i potrebnima i kako se boriti biti kreposnija. U \u0161koli sestara Slu\u017ebenica milosr\u0111a je nau\u010dila kako kreposnije \u017eivjeti. Potaknuo je prisutne da i oni po primjeru bla\u017eenice mogu \u010diniti dobra djela.<\/p>\n\n\n\n<div class=\"wp-block-image\"><figure class=\"aligncenter size-large\"><img loading=\"lazy\" decoding=\"async\" width=\"1024\" height=\"768\" src=\"https:\/\/svetaobitelj.hr\/wp-content\/uploads\/2024\/07\/4-1024x768.jpg\" alt=\"\" class=\"wp-image-3350\" srcset=\"https:\/\/svetaobitelj.hr\/wp-content\/uploads\/2024\/07\/4-1024x768.jpg 1024w, https:\/\/svetaobitelj.hr\/wp-content\/uploads\/2024\/07\/4-300x225.jpg 300w, https:\/\/svetaobitelj.hr\/wp-content\/uploads\/2024\/07\/4-768x576.jpg 768w, https:\/\/svetaobitelj.hr\/wp-content\/uploads\/2024\/07\/4-1536x1152.jpg 1536w, https:\/\/svetaobitelj.hr\/wp-content\/uploads\/2024\/07\/4.jpg 1600w\" sizes=\"auto, (max-width: 1024px) 100vw, 1024px\" \/><\/figure><\/div>\n\n\n\n<p>Na sam dan proslave na\u0161e bla\u017eenica, euharistijsko slavlje je predstavio \u017eupnik fra Dragutin Bedeni\u010di\u0107, a u propovijedi se obratio prisutnoj djeci iz vrti\u0107a Marija Petkovi\u0107. Upitao je djecu: ,, kako mo\u017eemo biti dobri i sveti,?\u201c, a djeca su odgovorila da to mogu biti ako \u010dine dobra djela. Priupitao ih je: ,, Gdje je sve bla\u017eena Marija \u010dinila dobra djela i kome?\u201c, a \u00a0djeca su odgovorila: \u201esiroma\u0161nima\u201c. Na to je on potvrdio da i danas imam siromaha, te istaknuo kako svi mogu biti poput na\u0161e bla\u017eenice i \u010diniti dobro drugom, to su na\u0161i roditelji, prijatelji u vrti\u0107u, i svi koji su potrebni.<\/p>\n\n\n\n<div class=\"wp-block-image\"><figure class=\"aligncenter size-large is-resized\"><img loading=\"lazy\" decoding=\"async\" src=\"https:\/\/svetaobitelj.hr\/wp-content\/uploads\/2024\/07\/5-766x1024.jpg\" alt=\"\" class=\"wp-image-3351\" width=\"771\" height=\"1031\" srcset=\"https:\/\/svetaobitelj.hr\/wp-content\/uploads\/2024\/07\/5-766x1024.jpg 766w, https:\/\/svetaobitelj.hr\/wp-content\/uploads\/2024\/07\/5-225x300.jpg 225w, https:\/\/svetaobitelj.hr\/wp-content\/uploads\/2024\/07\/5-768x1026.jpg 768w, https:\/\/svetaobitelj.hr\/wp-content\/uploads\/2024\/07\/5.jpg 970w\" sizes=\"auto, (max-width: 771px) 100vw, 771px\" \/><\/figure><\/div>\n\n\n\n<p>Euharistijsko slavlje uljep\u0161ala su djeca svojim pjevanjem pod ravnanjem s. M. Helene koja ih je spremala za euharistiju i za program na kraju sve mise. Djeca su u svojoj jednostavnosti i srda\u010dnosti, \u00a0naizmjeni\u010dno s nekoliko recitacija i pjesmama u \u010dast bla\u017eenici slavile na\u0161u bla\u017eenicu. Bio je veliki odaziv roditelja kao i \u0161tovatelja bla\u017eene Marije. Slavlje je zavr\u0161eno zajedni\u010dkim dru\u017eenjem i osvje\u017eenjem uz \u010da\u0161\u0107enje.<\/p>\n\n\n\n<div class=\"wp-block-image\"><figure class=\"aligncenter size-large\"><img loading=\"lazy\" decoding=\"async\" width=\"1024\" height=\"1024\" src=\"https:\/\/svetaobitelj.hr\/wp-content\/uploads\/2024\/07\/6-1024x1024.jpg\" alt=\"\" class=\"wp-image-3352\" srcset=\"https:\/\/svetaobitelj.hr\/wp-content\/uploads\/2024\/07\/6-1024x1024.jpg 1024w, https:\/\/svetaobitelj.hr\/wp-content\/uploads\/2024\/07\/6-300x300.jpg 300w, https:\/\/svetaobitelj.hr\/wp-content\/uploads\/2024\/07\/6-150x150.jpg 150w, https:\/\/svetaobitelj.hr\/wp-content\/uploads\/2024\/07\/6-768x768.jpg 768w, https:\/\/svetaobitelj.hr\/wp-content\/uploads\/2024\/07\/6-1536x1536.jpg 1536w, https:\/\/svetaobitelj.hr\/wp-content\/uploads\/2024\/07\/6.jpg 1600w\" sizes=\"auto, (max-width: 1024px) 100vw, 1024px\" \/><\/figure><\/div>\n\n\n\n<p>s. Irena Bajan<\/p>\n","protected":false},"excerpt":{"rendered":"<p>Prvi dan trodnevnice zapo\u010delo je molitvom Kantika hvale Bogu Stvoritelju s izmjeni\u010dnim pjevanjem antifone i molitvom bla\u017eenoj Mariji Propetoga. Euharistijsko slavlje predvodio je \u017eupnik, imenovane \u017eupe Fra Dragutin Bedeni\u010di\u0107. U propovijedi je kratko izlo\u017eio biografiju i povijesni hod same bla\u017eenice te potaknuo vjernike da oni mogu po primjeru na\u0161e bla\u017eenice biti navjestitelji Bo\u017eje Rije\u010di koju <a href=\"https:\/\/svetaobitelj.hr\/?p=3346\" class=\"more-link\">[&hellip;]<\/a><\/p>\n","protected":false},"author":2,"featured_media":0,"comment_status":"closed","ping_status":"open","sticky":false,"template":"","format":"standard","meta":{"footnotes":""},"categories":[3],"tags":[],"class_list":["entry","author-","post-3346","post","type-post","status-publish","format-standard","category-zupa"],"_links":{"self":[{"href":"https:\/\/svetaobitelj.hr\/index.php?rest_route=\/wp\/v2\/posts\/3346","targetHints":{"allow":["GET"]}}],"collection":[{"href":"https:\/\/svetaobitelj.hr\/index.php?rest_route=\/wp\/v2\/posts"}],"about":[{"href":"https:\/\/svetaobitelj.hr\/index.php?rest_route=\/wp\/v2\/types\/post"}],"author":[{"embeddable":true,"href":"https:\/\/svetaobitelj.hr\/index.php?rest_route=\/wp\/v2\/users\/2"}],"replies":[{"embeddable":true,"href":"https:\/\/svetaobitelj.hr\/index.php?rest_route=%2Fwp%2Fv2%2Fcomments&post=3346"}],"version-history":[{"count":1,"href":"https:\/\/svetaobitelj.hr\/index.php?rest_route=\/wp\/v2\/posts\/3346\/revisions"}],"predecessor-version":[{"id":3353,"href":"https:\/\/svetaobitelj.hr\/index.php?rest_route=\/wp\/v2\/posts\/3346\/revisions\/3353"}],"wp:attachment":[{"href":"https:\/\/svetaobitelj.hr\/index.php?rest_route=%2Fwp%2Fv2%2Fmedia&parent=3346"}],"wp:term":[{"taxonomy":"category","embeddable":true,"href":"https:\/\/svetaobitelj.hr\/index.php?rest_route=%2Fwp%2Fv2%2Fcategories&post=3346"},{"taxonomy":"post_tag","embeddable":true,"href":"https:\/\/svetaobitelj.hr\/index.php?rest_route=%2Fwp%2Fv2%2Ftags&post=3346"}],"curies":[{"name":"wp","href":"https:\/\/api.w.org\/{rel}","templated":true}]}}